{"id":343888,"date":"2024-11-28T18:30:32","date_gmt":"2024-11-28T15:30:32","guid":{"rendered":"https:\/\/sana.sy\/es\/?p=343888"},"modified":"2024-11-28T18:30:32","modified_gmt":"2024-11-28T15:30:32","slug":"llega-a-siria-tercer-avion-paquistani-cargado-con-ayuda-humanitaria-destinada-a-los-desplazados-libaneses","status":"publish","type":"post","link":"https:\/\/archive.sana.sy\/es\/?p=343888","title":{"rendered":"Llega a Siria tercer avi\u00f3n paquistan\u00ed cargado con ayuda humanitaria destinada a los desplazados libaneses"},"content":{"rendered":"<p style=\"text-align: justify;\"><span style=\"color: #800000;\"><strong>Damasco, 28 nov (SANA)\u00a0<\/strong> <\/span>Un avi\u00f3n que transportaba un nuevo lote de ayuda humanitaria paquistan\u00ed, incluidas 17<img loading=\"lazy\" decoding=\"async\" class=\"size-medium wp-image-343890 alignright\" src=\"http:\/\/sana.sy\/es\/wp-content\/uploads\/2024\/11\/Llega-a-Siria-tercer-avion-paquistani-cargado-con-ayuda-humanitaria-destinada-a-los-desplazados-libaneses0-1-300x200.jpeg\" alt=\"\" width=\"300\" height=\"200\" srcset=\"https:\/\/archive.sana.sy\/es\/wp-content\/uploads\/2024\/11\/Llega-a-Siria-tercer-avion-paquistani-cargado-con-ayuda-humanitaria-destinada-a-los-desplazados-libaneses0-1-300x200.jpeg 300w, https:\/\/archive.sana.sy\/es\/wp-content\/uploads\/2024\/11\/Llega-a-Siria-tercer-avion-paquistani-cargado-con-ayuda-humanitaria-destinada-a-los-desplazados-libaneses0-1-150x100.jpeg 150w, https:\/\/archive.sana.sy\/es\/wp-content\/uploads\/2024\/11\/Llega-a-Siria-tercer-avion-paquistani-cargado-con-ayuda-humanitaria-destinada-a-los-desplazados-libaneses0-1.jpeg 660w\" sizes=\"(max-width: 300px) 100vw, 300px\" \/> toneladas de suministros de socorro, m\u00e9dicos y alimentarios lleg\u00f3 hoy al Aeropuerto Internacional de Damasco para apoyar los esfuerzos sirios para responder a las necesidades de los desplazados libaneses.<\/p>\n<p style=\"text-align: justify;\">En una declaraci\u00f3n a los periodistas, el embajador de Pakist\u00e1n en Damasco, Shahid Akhtar, expres\u00f3 el agradecimiento del gobierno de su pa\u00eds por los esfuerzos sirios y la asistencia y hospitalidad que brinda a quienes se desplazan del L\u00edbano como resultado de la agresi\u00f3n israel\u00ed contra \u00e9l, y destac\u00f3 que el gobierno y el pueblo de Pakist\u00e1n apoyan a Siria para brindar asistencia en estas dif\u00edciles circunstancias.<\/p>\n<p style=\"text-align: justify;\"><img loading=\"lazy\" decoding=\"async\" class=\"size-medium wp-image-343891 alignright\" src=\"http:\/\/sana.sy\/es\/wp-content\/uploads\/2024\/11\/Llega-a-Siria-tercer-avion-paquistani-cargado-con-ayuda-humanitaria-destinada-a-los-desplazados-libaneses00-300x200.jpeg\" alt=\"\" width=\"300\" height=\"200\" srcset=\"https:\/\/archive.sana.sy\/es\/wp-content\/uploads\/2024\/11\/Llega-a-Siria-tercer-avion-paquistani-cargado-con-ayuda-humanitaria-destinada-a-los-desplazados-libaneses00-300x200.jpeg 300w, https:\/\/archive.sana.sy\/es\/wp-content\/uploads\/2024\/11\/Llega-a-Siria-tercer-avion-paquistani-cargado-con-ayuda-humanitaria-destinada-a-los-desplazados-libaneses00-150x100.jpeg 150w, https:\/\/archive.sana.sy\/es\/wp-content\/uploads\/2024\/11\/Llega-a-Siria-tercer-avion-paquistani-cargado-con-ayuda-humanitaria-destinada-a-los-desplazados-libaneses00.jpeg 660w\" sizes=\"(max-width: 300px) 100vw, 300px\" \/><\/p>\n<p style=\"text-align: justify;\">Asimismo, el embajador paquistan\u00ed explic\u00f3 que este es el tercer avi\u00f3n que llega a Siria y transporta 17 toneladas de material de socorro, ropa, mantas, alimentos y leche para beb\u00e9s, e indic\u00f3 que, sucesivamente, llegar\u00e1n m\u00e1s env\u00edos.<\/p>\n<p style=\"text-align: justify;\">En una declaraci\u00f3n similar, el ministro Adjunto de Administraci\u00f3n Local y Medio Ambiente de Siria, Moataz Dohji, agradeci\u00f3 al pueblo y al gobierno de Pakist\u00e1n por la ayuda brindada y por apoyar a Siria y a los desplazados libaneses.<\/p>\n<div id='gallery-1' class='gallery galleryid-343888 gallery-columns-1 gallery-size-full'><figure class='gallery-item'>\n\t\t\t<div class='gallery-icon landscape'>\n\t\t\t\t<a href='https:\/\/archive.sana.sy\/es\/?attachment_id=343892'><img loading=\"lazy\" decoding=\"async\" width=\"660\" height=\"440\" src=\"https:\/\/archive.sana.sy\/es\/wp-content\/uploads\/2024\/11\/Llega-a-Siria-tercer-avion-paquistani-cargado-con-ayuda-humanitaria-destinada-a-los-desplazados-libaneses00010.jpeg\" class=\"attachment-full size-full\" alt=\"\" srcset=\"https:\/\/archive.sana.sy\/es\/wp-content\/uploads\/2024\/11\/Llega-a-Siria-tercer-avion-paquistani-cargado-con-ayuda-humanitaria-destinada-a-los-desplazados-libaneses00010.jpeg 660w, https:\/\/archive.sana.sy\/es\/wp-content\/uploads\/2024\/11\/Llega-a-Siria-tercer-avion-paquistani-cargado-con-ayuda-humanitaria-destinada-a-los-desplazados-libaneses00010-300x200.jpeg 300w, https:\/\/archive.sana.sy\/es\/wp-content\/uploads\/2024\/11\/Llega-a-Siria-tercer-avion-paquistani-cargado-con-ayuda-humanitaria-destinada-a-los-desplazados-libaneses00010-150x100.jpeg 150w\" sizes=\"(max-width: 660px) 100vw, 660px\" \/><\/a>\n\t\t\t<\/div><\/figure><figure class='gallery-item'>\n\t\t\t<div class='gallery-icon landscape'>\n\t\t\t\t<a href='https:\/\/archive.sana.sy\/es\/?attachment_id=343893'><img loading=\"lazy\" decoding=\"async\" width=\"660\" height=\"440\" src=\"https:\/\/archive.sana.sy\/es\/wp-content\/uploads\/2024\/11\/Llega-a-Siria-tercer-avion-paquistani-cargado-con-ayuda-humanitaria-destinada-a-los-desplazados-libaneses001.jpeg\" class=\"attachment-full size-full\" alt=\"\" srcset=\"https:\/\/archive.sana.sy\/es\/wp-content\/uploads\/2024\/11\/Llega-a-Siria-tercer-avion-paquistani-cargado-con-ayuda-humanitaria-destinada-a-los-desplazados-libaneses001.jpeg 660w, https:\/\/archive.sana.sy\/es\/wp-content\/uploads\/2024\/11\/Llega-a-Siria-tercer-avion-paquistani-cargado-con-ayuda-humanitaria-destinada-a-los-desplazados-libaneses001-300x200.jpeg 300w, https:\/\/archive.sana.sy\/es\/wp-content\/uploads\/2024\/11\/Llega-a-Siria-tercer-avion-paquistani-cargado-con-ayuda-humanitaria-destinada-a-los-desplazados-libaneses001-150x100.jpeg 150w\" sizes=\"(max-width: 660px) 100vw, 660px\" \/><\/a>\n\t\t\t<\/div><\/figure><figure class='gallery-item'>\n\t\t\t<div class='gallery-icon landscape'>\n\t\t\t\t<a href='https:\/\/archive.sana.sy\/es\/?attachment_id=343894'><img loading=\"lazy\" decoding=\"async\" width=\"660\" height=\"440\" src=\"https:\/\/archive.sana.sy\/es\/wp-content\/uploads\/2024\/11\/Llega-a-Siria-tercer-avion-paquistani-cargado-con-ayuda-humanitaria-destinada-a-los-desplazados-libaneses0001.jpeg\" class=\"attachment-full size-full\" alt=\"\" srcset=\"https:\/\/archive.sana.sy\/es\/wp-content\/uploads\/2024\/11\/Llega-a-Siria-tercer-avion-paquistani-cargado-con-ayuda-humanitaria-destinada-a-los-desplazados-libaneses0001.jpeg 660w, https:\/\/archive.sana.sy\/es\/wp-content\/uploads\/2024\/11\/Llega-a-Siria-tercer-avion-paquistani-cargado-con-ayuda-humanitaria-destinada-a-los-desplazados-libaneses0001-300x200.jpeg 300w, https:\/\/archive.sana.sy\/es\/wp-content\/uploads\/2024\/11\/Llega-a-Siria-tercer-avion-paquistani-cargado-con-ayuda-humanitaria-destinada-a-los-desplazados-libaneses0001-150x100.jpeg 150w\" sizes=\"(max-width: 660px) 100vw, 660px\" \/><\/a>\n\t\t\t<\/div><\/figure><figure class='gallery-item'>\n\t\t\t<div class='gallery-icon landscape'>\n\t\t\t\t<a href='https:\/\/archive.sana.sy\/es\/?attachment_id=343895'><img loading=\"lazy\" decoding=\"async\" width=\"660\" height=\"440\" src=\"https:\/\/archive.sana.sy\/es\/wp-content\/uploads\/2024\/11\/Llega-a-Siria-tercer-avion-paquistani-cargado-con-ayuda-humanitaria-destinada-a-los-desplazados-libaneses0001010.jpeg\" class=\"attachment-full size-full\" alt=\"\" srcset=\"https:\/\/archive.sana.sy\/es\/wp-content\/uploads\/2024\/11\/Llega-a-Siria-tercer-avion-paquistani-cargado-con-ayuda-humanitaria-destinada-a-los-desplazados-libaneses0001010.jpeg 660w, https:\/\/archive.sana.sy\/es\/wp-content\/uploads\/2024\/11\/Llega-a-Siria-tercer-avion-paquistani-cargado-con-ayuda-humanitaria-destinada-a-los-desplazados-libaneses0001010-300x200.jpeg 300w, https:\/\/archive.sana.sy\/es\/wp-content\/uploads\/2024\/11\/Llega-a-Siria-tercer-avion-paquistani-cargado-con-ayuda-humanitaria-destinada-a-los-desplazados-libaneses0001010-150x100.jpeg 150w\" sizes=\"(max-width: 660px) 100vw, 660px\" \/><\/a>\n\t\t\t<\/div><\/figure><figure class='gallery-item'>\n\t\t\t<div class='gallery-icon landscape'>\n\t\t\t\t<a href='https:\/\/archive.sana.sy\/es\/?attachment_id=343896'><img loading=\"lazy\" decoding=\"async\" width=\"660\" height=\"440\" src=\"https:\/\/archive.sana.sy\/es\/wp-content\/uploads\/2024\/11\/Llega-a-Siria-tercer-avion-paquistani-cargado-con-ayuda-humanitaria-destinada-a-los-desplazados-libaneses000.jpeg\" class=\"attachment-full size-full\" alt=\"\" srcset=\"https:\/\/archive.sana.sy\/es\/wp-content\/uploads\/2024\/11\/Llega-a-Siria-tercer-avion-paquistani-cargado-con-ayuda-humanitaria-destinada-a-los-desplazados-libaneses000.jpeg 660w, https:\/\/archive.sana.sy\/es\/wp-content\/uploads\/2024\/11\/Llega-a-Siria-tercer-avion-paquistani-cargado-con-ayuda-humanitaria-destinada-a-los-desplazados-libaneses000-300x200.jpeg 300w, https:\/\/archive.sana.sy\/es\/wp-content\/uploads\/2024\/11\/Llega-a-Siria-tercer-avion-paquistani-cargado-con-ayuda-humanitaria-destinada-a-los-desplazados-libaneses000-150x100.jpeg 150w\" sizes=\"(max-width: 660px) 100vw, 660px\" \/><\/a>\n\t\t\t<\/div><\/figure><figure class='gallery-item'>\n\t\t\t<div class='gallery-icon landscape'>\n\t\t\t\t<a href='https:\/\/archive.sana.sy\/es\/?attachment_id=343897'><img loading=\"lazy\" decoding=\"async\" width=\"660\" height=\"440\" src=\"https:\/\/archive.sana.sy\/es\/wp-content\/uploads\/2024\/11\/Llega-a-Siria-tercer-avion-paquistani-cargado-con-ayuda-humanitaria-destinada-a-los-desplazados-libaneses01.jpeg\" class=\"attachment-full size-full\" alt=\"\" srcset=\"https:\/\/archive.sana.sy\/es\/wp-content\/uploads\/2024\/11\/Llega-a-Siria-tercer-avion-paquistani-cargado-con-ayuda-humanitaria-destinada-a-los-desplazados-libaneses01.jpeg 660w, https:\/\/archive.sana.sy\/es\/wp-content\/uploads\/2024\/11\/Llega-a-Siria-tercer-avion-paquistani-cargado-con-ayuda-humanitaria-destinada-a-los-desplazados-libaneses01-300x200.jpeg 300w, https:\/\/archive.sana.sy\/es\/wp-content\/uploads\/2024\/11\/Llega-a-Siria-tercer-avion-paquistani-cargado-con-ayuda-humanitaria-destinada-a-los-desplazados-libaneses01-150x100.jpeg 150w\" sizes=\"(max-width: 660px) 100vw, 660px\" \/><\/a>\n\t\t\t<\/div><\/figure>\n\t\t<\/div>\n\n<p style=\"text-align: justify;\">sm<\/p>\n","protected":false},"excerpt":{"rendered":"<p>Damasco, 28 nov (SANA)\u00a0 Un avi\u00f3n que transportaba un nuevo lote de ayuda humanitaria paquistan\u00ed, incluidas 17 toneladas de suministros de socorro, m\u00e9dicos y alimentarios lleg\u00f3 hoy al Aeropuerto Internacional de Damasco para apoyar los esfuerzos sirios para responder a las necesidades de los desplazados libaneses. En una declaraci\u00f3n a los periodistas, el embajador de &hellip;<\/p>\n","protected":false},"author":39,"featured_media":343898,"comment_status":"closed","ping_status":"closed","sticky":false,"template":"","format":"standard","meta":{"footnotes":""},"categories":[597,20724,467,7541],"tags":[],"class_list":["post-343888","post","type-post","status-publish","format-standard","has-post-thumbnail","","category-cinta-de-noticias","category-minuto-a-minuto","category-siria-y-el-mundo","category-ultimas-noticias"],"_links":{"self":[{"href":"https:\/\/archive.sana.sy\/es\/index.php?rest_route=\/wp\/v2\/posts\/343888"}],"collection":[{"href":"https:\/\/archive.sana.sy\/es\/index.php?rest_route=\/wp\/v2\/posts"}],"about":[{"href":"https:\/\/archive.sana.sy\/es\/index.php?rest_route=\/wp\/v2\/types\/post"}],"author":[{"embeddable":true,"href":"https:\/\/archive.sana.sy\/es\/index.php?rest_route=\/wp\/v2\/users\/39"}],"replies":[{"embeddable":true,"href":"https:\/\/archive.sana.sy\/es\/index.php?rest_route=%2Fwp%2Fv2%2Fcomments&post=343888"}],"version-history":[{"count":1,"href":"https:\/\/archive.sana.sy\/es\/index.php?rest_route=\/wp\/v2\/posts\/343888\/revisions"}],"predecessor-version":[{"id":343899,"href":"https:\/\/archive.sana.sy\/es\/index.php?rest_route=\/wp\/v2\/posts\/343888\/revisions\/343899"}],"wp:featuredmedia":[{"embeddable":true,"href":"https:\/\/archive.sana.sy\/es\/index.php?rest_route=\/wp\/v2\/media\/343898"}],"wp:attachment":[{"href":"https:\/\/archive.sana.sy\/es\/index.php?rest_route=%2Fwp%2Fv2%2Fmedia&parent=343888"}],"wp:term":[{"taxonomy":"category","embeddable":true,"href":"https:\/\/archive.sana.sy\/es\/index.php?rest_route=%2Fwp%2Fv2%2Fcategories&post=343888"},{"taxonomy":"post_tag","embeddable":true,"href":"https:\/\/archive.sana.sy\/es\/index.php?rest_route=%2Fwp%2Fv2%2Ftags&post=343888"}],"curies":[{"name":"wp","href":"https:\/\/api.w.org\/{rel}","templated":true}]}}