{"id":343997,"date":"2024-11-29T17:55:58","date_gmt":"2024-11-29T14:55:58","guid":{"rendered":"https:\/\/sana.sy\/es\/?p=343997"},"modified":"2024-11-29T18:00:41","modified_gmt":"2024-11-29T15:00:41","slug":"canciller-irani-afirma-el-apoyo-de-su-pais-a-siria-en-su-lucha-contra-el-terrorismo","status":"publish","type":"post","link":"https:\/\/archive.sana.sy\/es\/?p=343997","title":{"rendered":"Canciller iran\u00ed afirma el apoyo de su pa\u00eds a Siria en su lucha contra el terrorismo"},"content":{"rendered":"<p style=\"text-align: justify;\"><span style=\"color: #800000;\"><strong>Damasco, 29 nov (SANA) <\/strong><\/span>El ministro sirio de Asuntos Exteriores y Expatriados, Bassam Sabbagh, recibi\u00f3 una llamada telef\u00f3nica de su hom\u00f3logo iran\u00ed, Abbas Araghchi, durante la cual se repasaron los acontecimientos en la regi\u00f3n, en particular el ataque terrorista liderado por el Frente terrorista Al-Nusra en la provincia de Alepo y su campo, en el norte de Siria.<\/p>\n<p style=\"text-align: justify;\">El Canciller sirio indic\u00f3 que este ataque terrorista se enmarca en el cumplimiento de los objetivos del proyecto de \u201cIsrael\u201d y de sus patrocinadores en la regi\u00f3n.<\/p>\n<p style=\"text-align: justify;\">Adem\u00e1s, subray\u00f3 que Damasco siempre ha advertido de la flagrante coincidencia entre las agresiones israel\u00edes contra Siria y los ataque de las agrupaciones terroristas.<\/p>\n<p style=\"text-align: justify;\">El jefe de la diplomacia siria, afirm\u00f3 que el valiente ej\u00e9rcito pueblo sirios seguir\u00e1n enfrentando con firmeza estos ataques.<\/p>\n<p style=\"text-align: justify;\">Por su parte, el titular iran\u00ed explic\u00f3 que el resurgimiento de los grupos terroristas en Siria es un proyecto israel\u00ed-estadounidense.<\/p>\n<p style=\"text-align: justify;\">Asimismo, reiter\u00f3 el apoyo continuo de Ir\u00e1n al gobierno, el pueblo y el ej\u00e9rcito sirios en la lucha contra el terrorismo y el mantenimiento de la seguridad y la estabilidad regionales.<\/p>\n<p style=\"text-align: justify;\">sm<\/p>\n","protected":false},"excerpt":{"rendered":"<p>Damasco, 29 nov (SANA) El ministro sirio de Asuntos Exteriores y Expatriados, Bassam Sabbagh, recibi\u00f3 una llamada telef\u00f3nica de su hom\u00f3logo iran\u00ed, Abbas Araghchi, durante la cual se repasaron los acontecimientos en la regi\u00f3n, en particular el ataque terrorista liderado por el Frente terrorista Al-Nusra en la provincia de Alepo y su campo, en el &hellip;<\/p>\n","protected":false},"author":39,"featured_media":344000,"comment_status":"closed","ping_status":"closed","sticky":false,"template":"","format":"standard","meta":{"footnotes":""},"categories":[597,20724,467,583],"tags":[],"class_list":["post-343997","post","type-post","status-publish","format-standard","has-post-thumbnail","","category-cinta-de-noticias","category-minuto-a-minuto","category-siria-y-el-mundo","category-slide"],"_links":{"self":[{"href":"https:\/\/archive.sana.sy\/es\/index.php?rest_route=\/wp\/v2\/posts\/343997"}],"collection":[{"href":"https:\/\/archive.sana.sy\/es\/index.php?rest_route=\/wp\/v2\/posts"}],"about":[{"href":"https:\/\/archive.sana.sy\/es\/index.php?rest_route=\/wp\/v2\/types\/post"}],"author":[{"embeddable":true,"href":"https:\/\/archive.sana.sy\/es\/index.php?rest_route=\/wp\/v2\/users\/39"}],"replies":[{"embeddable":true,"href":"https:\/\/archive.sana.sy\/es\/index.php?rest_route=%2Fwp%2Fv2%2Fcomments&post=343997"}],"version-history":[{"count":1,"href":"https:\/\/archive.sana.sy\/es\/index.php?rest_route=\/wp\/v2\/posts\/343997\/revisions"}],"predecessor-version":[{"id":343999,"href":"https:\/\/archive.sana.sy\/es\/index.php?rest_route=\/wp\/v2\/posts\/343997\/revisions\/343999"}],"wp:featuredmedia":[{"embeddable":true,"href":"https:\/\/archive.sana.sy\/es\/index.php?rest_route=\/wp\/v2\/media\/344000"}],"wp:attachment":[{"href":"https:\/\/archive.sana.sy\/es\/index.php?rest_route=%2Fwp%2Fv2%2Fmedia&parent=343997"}],"wp:term":[{"taxonomy":"category","embeddable":true,"href":"https:\/\/archive.sana.sy\/es\/index.php?rest_route=%2Fwp%2Fv2%2Fcategories&post=343997"},{"taxonomy":"post_tag","embeddable":true,"href":"https:\/\/archive.sana.sy\/es\/index.php?rest_route=%2Fwp%2Fv2%2Ftags&post=343997"}],"curies":[{"name":"wp","href":"https:\/\/api.w.org\/{rel}","templated":true}]}}