{"id":344001,"date":"2024-11-29T18:51:15","date_gmt":"2024-11-29T15:51:15","guid":{"rendered":"https:\/\/sana.sy\/es\/?p=344001"},"modified":"2024-11-29T18:51:15","modified_gmt":"2024-11-29T15:51:15","slug":"espana-prohibe-venta-de-armas-a-israel","status":"publish","type":"post","link":"https:\/\/archive.sana.sy\/es\/?p=344001","title":{"rendered":"Espa\u00f1a proh\u00edbe venta de armas a \u201cIsrael\u201d"},"content":{"rendered":"<p style=\"text-align: justify;\"><span style=\"color: #800000;\"><strong>Madrid, 29 nov (SANA)<\/strong><\/span> El ministro espa\u00f1ol de Asuntos Exteriores, Jos\u00e9 Manuel Albares, anunci\u00f3 que su pa\u00eds ha impuesto una prohibici\u00f3n de la venta de armas a la entidad israel\u00ed desde el inicio de su brutal agresi\u00f3n contra la Franja de Gaza en octubre del a\u00f1o pasado.<\/p>\n<p style=\"text-align: justify;\">\u201cNo ha habido nuevas licencias para exportar armas a \u201cIsrael\u201d desde octubre de 2023, y seguimos asegurando que no hay ventas\u201d, dijo Albares hoy en un comunicado de prensa.<\/p>\n<p style=\"text-align: justify;\">Agreg\u00f3 que Espa\u00f1a tampoco permite el atraque en sus puertos por parte de los barcos que transporten armas a \u201cIsrael\u201d.<\/p>\n<p style=\"text-align: justify;\">ahs\/sm<\/p>\n","protected":false},"excerpt":{"rendered":"<p>Madrid, 29 nov (SANA) El ministro espa\u00f1ol de Asuntos Exteriores, Jos\u00e9 Manuel Albares, anunci\u00f3 que su pa\u00eds ha impuesto una prohibici\u00f3n de la venta de armas a la entidad israel\u00ed desde el inicio de su brutal agresi\u00f3n contra la Franja de Gaza en octubre del a\u00f1o pasado. \u201cNo ha habido nuevas licencias para exportar armas &hellip;<\/p>\n","protected":false},"author":43,"featured_media":344002,"comment_status":"closed","ping_status":"closed","sticky":false,"template":"","format":"standard","meta":{"footnotes":""},"categories":[597,456,16687,20724,7541],"tags":[],"class_list":["post-344001","post","type-post","status-publish","format-standard","has-post-thumbnail","","category-cinta-de-noticias","category-arabe-internacional-politica","category-internacionales","category-minuto-a-minuto","category-ultimas-noticias"],"_links":{"self":[{"href":"https:\/\/archive.sana.sy\/es\/index.php?rest_route=\/wp\/v2\/posts\/344001"}],"collection":[{"href":"https:\/\/archive.sana.sy\/es\/index.php?rest_route=\/wp\/v2\/posts"}],"about":[{"href":"https:\/\/archive.sana.sy\/es\/index.php?rest_route=\/wp\/v2\/types\/post"}],"author":[{"embeddable":true,"href":"https:\/\/archive.sana.sy\/es\/index.php?rest_route=\/wp\/v2\/users\/43"}],"replies":[{"embeddable":true,"href":"https:\/\/archive.sana.sy\/es\/index.php?rest_route=%2Fwp%2Fv2%2Fcomments&post=344001"}],"version-history":[{"count":1,"href":"https:\/\/archive.sana.sy\/es\/index.php?rest_route=\/wp\/v2\/posts\/344001\/revisions"}],"predecessor-version":[{"id":344003,"href":"https:\/\/archive.sana.sy\/es\/index.php?rest_route=\/wp\/v2\/posts\/344001\/revisions\/344003"}],"wp:featuredmedia":[{"embeddable":true,"href":"https:\/\/archive.sana.sy\/es\/index.php?rest_route=\/wp\/v2\/media\/344002"}],"wp:attachment":[{"href":"https:\/\/archive.sana.sy\/es\/index.php?rest_route=%2Fwp%2Fv2%2Fmedia&parent=344001"}],"wp:term":[{"taxonomy":"category","embeddable":true,"href":"https:\/\/archive.sana.sy\/es\/index.php?rest_route=%2Fwp%2Fv2%2Fcategories&post=344001"},{"taxonomy":"post_tag","embeddable":true,"href":"https:\/\/archive.sana.sy\/es\/index.php?rest_route=%2Fwp%2Fv2%2Ftags&post=344001"}],"curies":[{"name":"wp","href":"https:\/\/api.w.org\/{rel}","templated":true}]}}