{"id":344004,"date":"2024-11-29T19:00:57","date_gmt":"2024-11-29T16:00:57","guid":{"rendered":"https:\/\/sana.sy\/es\/?p=344004"},"modified":"2024-11-29T19:00:57","modified_gmt":"2024-11-29T16:00:57","slug":"guterres-afirma-la-solidaridad-de-la-onu-con-el-pueblo-palestino-y-sus-derechos","status":"publish","type":"post","link":"https:\/\/archive.sana.sy\/es\/?p=344004","title":{"rendered":"Guterres afirma la solidaridad de la ONU con el pueblo palestino y sus derechos"},"content":{"rendered":"<p style=\"text-align: justify;\"><span style=\"color: #800000;\"><strong>Nueva York, 29 nov (SANA)<\/strong><\/span> El Secretario General de las Naciones Unidas, Antonio Guterres, afirm\u00f3 que la ONU contin\u00faa su solidaridad con el pueblo palestino y sus derechos inalienables a vivir en paz, seguridad y dignidad.<\/p>\n<p style=\"text-align: justify;\">\u00a0\u201cEn este d\u00eda cada a\u00f1o, la comunidad internacional se solidariza con la dignidad del pueblo palestino, la justicia de su causa y su derecho en determinar su destino. \u00a0Sin embargo, la\u00a0 conmemoraci\u00f3n este a\u00f1o es dolorosa porque esos objetivos b\u00e1sicos se han vuelto m\u00e1s inalcanzable que en el pasado\u201d, dijo Guterres en un mensaje con motivo del D\u00eda Internacional de Solidaridad con el Pueblo Palestino.<\/p>\n<p style=\"text-align: justify;\">El Secretario General de la ONU explic\u00f3 que la Franja de Gaza ha llegado a una etapa de devastaci\u00f3n a la luz del empeoramiento de la crisis humanitaria, que es horrible y no puede justificarse.<\/p>\n<p style=\"text-align: justify;\">\u201cEs hora ya de un alto al fuego inmediato y de poner fin a la ocupaci\u00f3n ilegal al territorio palestino\u201d, agreg\u00f3 el alto funcionario del referido organismo internacional.<\/p>\n<p>ahs\/sm<\/p>\n","protected":false},"excerpt":{"rendered":"<p>Nueva York, 29 nov (SANA) El Secretario General de las Naciones Unidas, Antonio Guterres, afirm\u00f3 que la ONU contin\u00faa su solidaridad con el pueblo palestino y sus derechos inalienables a vivir en paz, seguridad y dignidad. \u00a0\u201cEn este d\u00eda cada a\u00f1o, la comunidad internacional se solidariza con la dignidad del pueblo palestino, la justicia de &hellip;<\/p>\n","protected":false},"author":43,"featured_media":344005,"comment_status":"closed","ping_status":"closed","sticky":false,"template":"","format":"standard","meta":{"footnotes":""},"categories":[597,456,16687,20724,7541],"tags":[],"class_list":["post-344004","post","type-post","status-publish","format-standard","has-post-thumbnail","","category-cinta-de-noticias","category-arabe-internacional-politica","category-internacionales","category-minuto-a-minuto","category-ultimas-noticias"],"_links":{"self":[{"href":"https:\/\/archive.sana.sy\/es\/index.php?rest_route=\/wp\/v2\/posts\/344004"}],"collection":[{"href":"https:\/\/archive.sana.sy\/es\/index.php?rest_route=\/wp\/v2\/posts"}],"about":[{"href":"https:\/\/archive.sana.sy\/es\/index.php?rest_route=\/wp\/v2\/types\/post"}],"author":[{"embeddable":true,"href":"https:\/\/archive.sana.sy\/es\/index.php?rest_route=\/wp\/v2\/users\/43"}],"replies":[{"embeddable":true,"href":"https:\/\/archive.sana.sy\/es\/index.php?rest_route=%2Fwp%2Fv2%2Fcomments&post=344004"}],"version-history":[{"count":1,"href":"https:\/\/archive.sana.sy\/es\/index.php?rest_route=\/wp\/v2\/posts\/344004\/revisions"}],"predecessor-version":[{"id":344006,"href":"https:\/\/archive.sana.sy\/es\/index.php?rest_route=\/wp\/v2\/posts\/344004\/revisions\/344006"}],"wp:featuredmedia":[{"embeddable":true,"href":"https:\/\/archive.sana.sy\/es\/index.php?rest_route=\/wp\/v2\/media\/344005"}],"wp:attachment":[{"href":"https:\/\/archive.sana.sy\/es\/index.php?rest_route=%2Fwp%2Fv2%2Fmedia&parent=344004"}],"wp:term":[{"taxonomy":"category","embeddable":true,"href":"https:\/\/archive.sana.sy\/es\/index.php?rest_route=%2Fwp%2Fv2%2Fcategories&post=344004"},{"taxonomy":"post_tag","embeddable":true,"href":"https:\/\/archive.sana.sy\/es\/index.php?rest_route=%2Fwp%2Fv2%2Ftags&post=344004"}],"curies":[{"name":"wp","href":"https:\/\/api.w.org\/{rel}","templated":true}]}}