{"id":344038,"date":"2024-11-30T18:13:30","date_gmt":"2024-11-30T15:13:30","guid":{"rendered":"https:\/\/sana.sy\/es\/?p=344038"},"modified":"2024-11-30T21:44:35","modified_gmt":"2024-11-30T18:44:35","slug":"ejercito-sirio-refuerza-posiciones-en-alepo-e-idlib-tras-ataques-terroristas-y-prepara-un-contraataque","status":"publish","type":"post","link":"https:\/\/archive.sana.sy\/es\/?p=344038","title":{"rendered":"Ej\u00e9rcito Sirio refuerza tropas en Alepo e Idlib para lanzar una ofensiva contra terroristas"},"content":{"rendered":"<p style=\"text-align: justify;\"><span style=\"color: #800000;\"><strong>Damasco, 30 nov (SANA)\u00a0 <\/strong><\/span>\u00a0El Comando General del Ej\u00e9rcito y las Fuerzas Armadas de Siria comunic\u00f3 hoy que durante los \u00faltimos d\u00edas, las Fuerzas Armadas Sirias han estado enfrentando un ataque masivo de grupos terroristas, incluidos el \u201cFrente Al-Nusra\u201d, que, respaldados por miles de combatientes extranjeros y empleando equipamiento pesado y drones, lanzaron ataques desde varios frentes en las provincias de Alepo e Idlib.<\/p>\n<p style=\"text-align: justify;\">\u201cA lo largo de m\u00e1s de 100 kil\u00f3metros de l\u00ednea de combate, el ej\u00e9rcito sirio libr\u00f3 intensos enfrentamientos para frenar el avance de los terroristas\u201d, destac\u00f3 el comunicado.<\/p>\n<p style=\"text-align: justify;\"><img loading=\"lazy\" decoding=\"async\" class=\"alignnone size-full wp-image-344039\" src=\"http:\/\/sana.sy\/es\/wp-content\/uploads\/2024\/11\/photo_2024-11-28_11-29-32-1.jpg\" alt=\"\" width=\"660\" height=\"370\" srcset=\"https:\/\/archive.sana.sy\/es\/wp-content\/uploads\/2024\/11\/photo_2024-11-28_11-29-32-1.jpg 660w, https:\/\/archive.sana.sy\/es\/wp-content\/uploads\/2024\/11\/photo_2024-11-28_11-29-32-1-300x168.jpg 300w, https:\/\/archive.sana.sy\/es\/wp-content\/uploads\/2024\/11\/photo_2024-11-28_11-29-32-1-150x84.jpg 150w\" sizes=\"(max-width: 660px) 100vw, 660px\" \/><\/p>\n<p style=\"text-align: justify;\">La entidad castrense inform\u00f3 que como resultado del feroz ataque terrorista, decenas de soldados sirios cayeron m\u00e1rtires y varios m\u00e1s resultaron heridos.<\/p>\n<p style=\"text-align: justify;\">A\u00f1adi\u00f3 que el gran n\u00famero de terroristas y los m\u00faltiples frentes llevaron al ej\u00e9rcito sirio a implementar un repliegue estrat\u00e9gico con el objetivo de reforzar las l\u00edneas defensivas, preservar tanto los civiles como los militares, y preparar un contraataque.<\/p>\n<p style=\"text-align: justify;\">La persistente llegada de refuerzos terroristas a trav\u00e9s de las fronteras en el norte y el aumento del apoyo militar y t\u00e9cnico a estos grupos, les permiti\u00f3 ingresar a amplias zonas de la ciudad de Alepo en las \u00faltimas horas, subray\u00f3 la nota.<\/p>\n<p style=\"text-align: justify;\">El Comando General del Ej\u00e9rcito y las Fuerzas Armadas reafirm\u00f3 que esta medida es temporal y que se utilizar\u00e1n todos los recursos posibles para garantizar la seguridad y protecci\u00f3n de los ciudadanos de Alepo.<\/p>\n<p style=\"text-align: justify;\">\u201cLas Fuerzas Armadas continuar\u00e1n sus operaciones y cumplir\u00e1n con su deber nacional para enfrentar a las organizaciones terroristas, expulsarlas y restaurar el control del Estado y sus instituciones sobre toda la ciudad y sus alrededores\u201d, concluy\u00f3 el comunicado.<\/p>\n<p style=\"text-align: justify;\">ah\/fm<\/p>\n","protected":false},"excerpt":{"rendered":"<p>Damasco, 30 nov (SANA)\u00a0 \u00a0El Comando General del Ej\u00e9rcito y las Fuerzas Armadas de Siria comunic\u00f3 hoy que durante los \u00faltimos d\u00edas, las Fuerzas Armadas Sirias han estado enfrentando un ataque masivo de grupos terroristas, incluidos el \u201cFrente Al-Nusra\u201d, que, respaldados por miles de combatientes extranjeros y empleando equipamiento pesado y drones, lanzaron ataques desde &hellip;<\/p>\n","protected":false},"author":30,"featured_media":344071,"comment_status":"closed","ping_status":"closed","sticky":false,"template":"","format":"standard","meta":{"footnotes":""},"categories":[477,447,597,573,20724,476,583],"tags":[],"class_list":["post-344038","post","type-post","status-publish","format-standard","has-post-thumbnail","","category-noticias-edulcorantes","category-local-politica","category-cinta-de-noticias","category-la-realidad-de-los-acontecimientos-en-siria","category-minuto-a-minuto","category-locales","category-slide"],"_links":{"self":[{"href":"https:\/\/archive.sana.sy\/es\/index.php?rest_route=\/wp\/v2\/posts\/344038"}],"collection":[{"href":"https:\/\/archive.sana.sy\/es\/index.php?rest_route=\/wp\/v2\/posts"}],"about":[{"href":"https:\/\/archive.sana.sy\/es\/index.php?rest_route=\/wp\/v2\/types\/post"}],"author":[{"embeddable":true,"href":"https:\/\/archive.sana.sy\/es\/index.php?rest_route=\/wp\/v2\/users\/30"}],"replies":[{"embeddable":true,"href":"https:\/\/archive.sana.sy\/es\/index.php?rest_route=%2Fwp%2Fv2%2Fcomments&post=344038"}],"version-history":[{"count":5,"href":"https:\/\/archive.sana.sy\/es\/index.php?rest_route=\/wp\/v2\/posts\/344038\/revisions"}],"predecessor-version":[{"id":344087,"href":"https:\/\/archive.sana.sy\/es\/index.php?rest_route=\/wp\/v2\/posts\/344038\/revisions\/344087"}],"wp:featuredmedia":[{"embeddable":true,"href":"https:\/\/archive.sana.sy\/es\/index.php?rest_route=\/wp\/v2\/media\/344071"}],"wp:attachment":[{"href":"https:\/\/archive.sana.sy\/es\/index.php?rest_route=%2Fwp%2Fv2%2Fmedia&parent=344038"}],"wp:term":[{"taxonomy":"category","embeddable":true,"href":"https:\/\/archive.sana.sy\/es\/index.php?rest_route=%2Fwp%2Fv2%2Fcategories&post=344038"},{"taxonomy":"post_tag","embeddable":true,"href":"https:\/\/archive.sana.sy\/es\/index.php?rest_route=%2Fwp%2Fv2%2Ftags&post=344038"}],"curies":[{"name":"wp","href":"https:\/\/api.w.org\/{rel}","templated":true}]}}