{"id":344060,"date":"2024-11-30T17:09:38","date_gmt":"2024-11-30T14:09:38","guid":{"rendered":"https:\/\/sana.sy\/es\/?p=344060"},"modified":"2024-11-30T17:37:52","modified_gmt":"2024-11-30T14:37:52","slug":"maduro-israel-alimenta-a-los-grupos-terroristas-en-siria","status":"publish","type":"post","link":"https:\/\/archive.sana.sy\/es\/?p=344060","title":{"rendered":"Maduro: Israel alimenta a los grupos terroristas en Siria"},"content":{"rendered":"<p style=\"text-align: justify;\"><span style=\"color: #800000;\">Caracas, 30 nov (SANA)<\/span> El presidente de Venezuela, Nicol\u00e1s Maduro, celebr\u00f3 el alto al fuego y pidi\u00f3 al pueblo liban\u00e9s tener cuidado con &#8220;Israel&#8221; al considerar que quiere exterminar a los pueblos \u00e1rabes.<\/p>\n<p style=\"text-align: justify;\">Tengan cuidado, porque tienen al frente unos criminales que odian y quieren exterminar a los pueblos \u00e1rabes y palestinos, para quitarle sus tierras y quitarle toda su riqueza, afirm\u00f3 el mandatario venezolano durante la Conferencia Internacional en Solidaridad con Palestina.<\/p>\n<p style=\"text-align: justify;\">Por otro lado, indic\u00f3 que &#8220;ellos firman el acuerdo, y luego se van a Siria, y lanzan una ofensiva de grupos terroristas, alimentan nuevos grupos terroristas, utilizan la aviaci\u00f3n israel\u00ed y estadounidense para bombardear al ej\u00e9rcito de Siria, a las fuerzas iran\u00edes que est\u00e1n apoyando al pueblo de Siria contra el terrorismo&#8221;.<\/p>\n<p style=\"text-align: justify;\">Sobre estos cr\u00edmenes sionistas, coment\u00f3 que &#8220;est\u00e1n firmando un d\u00eda por aqu\u00ed, y al otro d\u00eda est\u00e1n tirando una ofensiva para reconquistar la ciudad de Alepo y varias ciudades de Siria&#8221;.<\/p>\n<p>fm\/ed<\/p>\n","protected":false},"excerpt":{"rendered":"<p>Caracas, 30 nov (SANA) El presidente de Venezuela, Nicol\u00e1s Maduro, celebr\u00f3 el alto al fuego y pidi\u00f3 al pueblo liban\u00e9s tener cuidado con &#8220;Israel&#8221; al considerar que quiere exterminar a los pueblos \u00e1rabes. Tengan cuidado, porque tienen al frente unos criminales que odian y quieren exterminar a los pueblos \u00e1rabes y palestinos, para quitarle sus &hellip;<\/p>\n","protected":false},"author":32,"featured_media":344061,"comment_status":"closed","ping_status":"closed","sticky":false,"template":"","format":"standard","meta":{"footnotes":""},"categories":[597,20724,467,583],"tags":[],"class_list":["post-344060","post","type-post","status-publish","format-standard","has-post-thumbnail","","category-cinta-de-noticias","category-minuto-a-minuto","category-siria-y-el-mundo","category-slide"],"_links":{"self":[{"href":"https:\/\/archive.sana.sy\/es\/index.php?rest_route=\/wp\/v2\/posts\/344060"}],"collection":[{"href":"https:\/\/archive.sana.sy\/es\/index.php?rest_route=\/wp\/v2\/posts"}],"about":[{"href":"https:\/\/archive.sana.sy\/es\/index.php?rest_route=\/wp\/v2\/types\/post"}],"author":[{"embeddable":true,"href":"https:\/\/archive.sana.sy\/es\/index.php?rest_route=\/wp\/v2\/users\/32"}],"replies":[{"embeddable":true,"href":"https:\/\/archive.sana.sy\/es\/index.php?rest_route=%2Fwp%2Fv2%2Fcomments&post=344060"}],"version-history":[{"count":1,"href":"https:\/\/archive.sana.sy\/es\/index.php?rest_route=\/wp\/v2\/posts\/344060\/revisions"}],"predecessor-version":[{"id":344062,"href":"https:\/\/archive.sana.sy\/es\/index.php?rest_route=\/wp\/v2\/posts\/344060\/revisions\/344062"}],"wp:featuredmedia":[{"embeddable":true,"href":"https:\/\/archive.sana.sy\/es\/index.php?rest_route=\/wp\/v2\/media\/344061"}],"wp:attachment":[{"href":"https:\/\/archive.sana.sy\/es\/index.php?rest_route=%2Fwp%2Fv2%2Fmedia&parent=344060"}],"wp:term":[{"taxonomy":"category","embeddable":true,"href":"https:\/\/archive.sana.sy\/es\/index.php?rest_route=%2Fwp%2Fv2%2Fcategories&post=344060"},{"taxonomy":"post_tag","embeddable":true,"href":"https:\/\/archive.sana.sy\/es\/index.php?rest_route=%2Fwp%2Fv2%2Ftags&post=344060"}],"curies":[{"name":"wp","href":"https:\/\/api.w.org\/{rel}","templated":true}]}}