{"id":344064,"date":"2024-11-30T18:03:33","date_gmt":"2024-11-30T15:03:33","guid":{"rendered":"https:\/\/sana.sy\/es\/?p=344064"},"modified":"2024-11-30T18:42:36","modified_gmt":"2024-11-30T15:42:36","slug":"canciller-sirio-examina-con-homologos-de-oman-y-egipto-la-situacion-en-alepo","status":"publish","type":"post","link":"https:\/\/archive.sana.sy\/es\/?p=344064","title":{"rendered":"Canciller sirio examina con hom\u00f3logos de Om\u00e1n y Egipto la situaci\u00f3n en Alepo"},"content":{"rendered":"<p style=\"text-align: justify;\"><strong><span style=\"color: #800000;\">Damasco, 30 nov (SANA)<\/span><\/strong> El ministro sirio de Asuntos Exteriores, Bassam Sabbagh, abord\u00f3 hoy con varios de sus hom\u00f3logos \u00e1rabes, la situaci\u00f3n en el norte de Siria, donde se desarrolla una gran ofensiva terrorista.<\/p>\n<p style=\"text-align: justify;\">Sabbagh sostuvo una conversaci\u00f3n telef\u00f3nica con su par de Egipto, Badr Abdelatty, sobre los recientes acontecimientos en el norte sirio.<\/p>\n<p style=\"text-align: justify;\">El jefe de la diplomacia egipcia reafirm\u00f3 el apoyo de su pa\u00eds al Estado sirio y a sus instituciones nacionales, que consider\u00f3 importantes para lograr la estabilidad en el pa\u00eds, luchar contra el terrorismo y recuperar la soberan\u00eda del Estado.<\/p>\n<p style=\"text-align: justify;\">De igual manera, el titular sirio recibi\u00f3 una llamada telef\u00f3nica de Badr bin Hamad bin Hamoud Al Busaidi, ministro oman\u00ed de Asuntos Exteriores, con quien abord\u00f3 la evoluci\u00f3n de la situaci\u00f3n en Siria, en particular la ofensiva lanzada por grupos terroristas.<\/p>\n<p style=\"text-align: justify;\">Sabbagh dijo que estas agrupaciones son prescritas como terroristas por el Consejo de Seguridad y apoyados por terroristas extranjeros que han recibido una orden de sus operadores y partidarios para lanzar estos ataques contra Alepo e Idlib, con el objetivo de socavar la seguridad y la estabilidad en Siria y la regi\u00f3n y servir agendas extranjeras.<\/p>\n<p style=\"text-align: justify;\">El jefe de la diplomacia destac\u00f3 la determinaci\u00f3n de Damasco de enfrentar a estos grupos y restablecer la soberan\u00eda del Estado sobre todo el territorio sirio.<\/p>\n<p style=\"text-align: justify;\">Por su parte, el ministro oman\u00ed expres\u00f3 la solidaridad del Sultanato de Om\u00e1n con Siria y su apoyo a su soberan\u00eda y unidad, y la necesidad de prevenir la expansi\u00f3n de la magnitud de los conflictos.<\/p>\n<p style=\"text-align: justify;\">Los grupos radicales se apoderaron hoy de Alepo, la segunda ciudad m\u00e1s grande de Siria, tras el repliegue de las Fuerzas Armadas de la misma.<\/p>\n<p style=\"text-align: justify;\">Anteriormente, el pr\u00edncipe Faisal bin Farhan, Canciller de Arabia Saudita, repas\u00f3 con su hom\u00f3logo sirio los recientes sucesos en la regi\u00f3n y los esfuerzos realizados en este sentido.<\/p>\n<p style=\"text-align: justify;\">Los dos cancilleres acordaron continuar la comunicaci\u00f3n y coordinaci\u00f3n en todo lo que favorezca la seguridad y estabilidad en la regi\u00f3n.<\/p>\n<p>fm\/ed<\/p>\n","protected":false},"excerpt":{"rendered":"<p>Damasco, 30 nov (SANA) El ministro sirio de Asuntos Exteriores, Bassam Sabbagh, abord\u00f3 hoy con varios de sus hom\u00f3logos \u00e1rabes, la situaci\u00f3n en el norte de Siria, donde se desarrolla una gran ofensiva terrorista. Sabbagh sostuvo una conversaci\u00f3n telef\u00f3nica con su par de Egipto, Badr Abdelatty, sobre los recientes acontecimientos en el norte sirio. El &hellip;<\/p>\n","protected":false},"author":32,"featured_media":344065,"comment_status":"closed","ping_status":"closed","sticky":false,"template":"","format":"standard","meta":{"footnotes":""},"categories":[597,20724,467,583],"tags":[],"class_list":["post-344064","post","type-post","status-publish","format-standard","has-post-thumbnail","","category-cinta-de-noticias","category-minuto-a-minuto","category-siria-y-el-mundo","category-slide"],"_links":{"self":[{"href":"https:\/\/archive.sana.sy\/es\/index.php?rest_route=\/wp\/v2\/posts\/344064"}],"collection":[{"href":"https:\/\/archive.sana.sy\/es\/index.php?rest_route=\/wp\/v2\/posts"}],"about":[{"href":"https:\/\/archive.sana.sy\/es\/index.php?rest_route=\/wp\/v2\/types\/post"}],"author":[{"embeddable":true,"href":"https:\/\/archive.sana.sy\/es\/index.php?rest_route=\/wp\/v2\/users\/32"}],"replies":[{"embeddable":true,"href":"https:\/\/archive.sana.sy\/es\/index.php?rest_route=%2Fwp%2Fv2%2Fcomments&post=344064"}],"version-history":[{"count":4,"href":"https:\/\/archive.sana.sy\/es\/index.php?rest_route=\/wp\/v2\/posts\/344064\/revisions"}],"predecessor-version":[{"id":344075,"href":"https:\/\/archive.sana.sy\/es\/index.php?rest_route=\/wp\/v2\/posts\/344064\/revisions\/344075"}],"wp:featuredmedia":[{"embeddable":true,"href":"https:\/\/archive.sana.sy\/es\/index.php?rest_route=\/wp\/v2\/media\/344065"}],"wp:attachment":[{"href":"https:\/\/archive.sana.sy\/es\/index.php?rest_route=%2Fwp%2Fv2%2Fmedia&parent=344064"}],"wp:term":[{"taxonomy":"category","embeddable":true,"href":"https:\/\/archive.sana.sy\/es\/index.php?rest_route=%2Fwp%2Fv2%2Fcategories&post=344064"},{"taxonomy":"post_tag","embeddable":true,"href":"https:\/\/archive.sana.sy\/es\/index.php?rest_route=%2Fwp%2Fv2%2Ftags&post=344064"}],"curies":[{"name":"wp","href":"https:\/\/api.w.org\/{rel}","templated":true}]}}