{"id":344076,"date":"2024-11-30T19:00:35","date_gmt":"2024-11-30T16:00:35","guid":{"rendered":"https:\/\/sana.sy\/es\/?p=344076"},"modified":"2024-11-30T20:56:56","modified_gmt":"2024-11-30T17:56:56","slug":"cancilleres-de-siria-y-del-libano-examinan-situacion-en-el-norte-de-siria","status":"publish","type":"post","link":"https:\/\/archive.sana.sy\/es\/?p=344076","title":{"rendered":"Cancilleres de Siria y del L\u00edbano examinan situaci\u00f3n en el norte de Siria"},"content":{"rendered":"<p style=\"text-align: justify;\"><span style=\"color: #800000;\"><strong>Damasco, 30 nov (SANA)\u00a0<\/strong><\/span> El ministro de Asuntos Exteriores de Siria, Bassam Sabbagh, y su hom\u00f3logo liban\u00e9s, Abdullah Bouhabib, abordaron en una conversaci\u00f3n telef\u00f3nica los acontecimientos en el norte de Siria.<\/p>\n<p style=\"text-align: justify;\">Bouhabib conden\u00f3 el ataque de los grupos extremistas contra la ciudad de Alepo y sus alrededores, y afirm\u00f3 el apoyo de su pa\u00eds a la unidad, soberan\u00eda e integridad territorial de Siria.<\/p>\n<p style=\"text-align: justify;\">Expres\u00f3 su esperanza en que el pueblo sirio goce la bondad, calma y paz.<\/p>\n<p style=\"text-align: justify;\">Por su parte, el ministro Sabbagh expres\u00f3 su agradecimiento por la posici\u00f3n libanesa en apoyo de la unidad y soberan\u00eda siria en un momento en que el L\u00edbano enfrenta el desaf\u00edo de la agresi\u00f3n israel\u00ed en curso a pesar del alto el fuego.<\/p>\n<p style=\"text-align: justify;\">El ministro Sabbagh se\u00f1al\u00f3 que los ataques terroristas del Frente \u201cAl-Nusra\/Hay&#8217;at Tahrir al-Sham\u201d est\u00e1n en consonancia con los planes sionistas encaminados a ampliar el conflicto en la regi\u00f3n, mantenerla en un estado de guerra constante y privarla de seguridad y estabilidad.<\/p>\n<p style=\"text-align: justify;\">rr\/fm<\/p>\n","protected":false},"excerpt":{"rendered":"<p>Damasco, 30 nov (SANA)\u00a0 El ministro de Asuntos Exteriores de Siria, Bassam Sabbagh, y su hom\u00f3logo liban\u00e9s, Abdullah Bouhabib, abordaron en una conversaci\u00f3n telef\u00f3nica los acontecimientos en el norte de Siria. Bouhabib conden\u00f3 el ataque de los grupos extremistas contra la ciudad de Alepo y sus alrededores, y afirm\u00f3 el apoyo de su pa\u00eds a &hellip;<\/p>\n","protected":false},"author":31,"featured_media":344077,"comment_status":"closed","ping_status":"closed","sticky":false,"template":"","format":"standard","meta":{"footnotes":""},"categories":[597,467,7541],"tags":[],"class_list":["post-344076","post","type-post","status-publish","format-standard","has-post-thumbnail","","category-cinta-de-noticias","category-siria-y-el-mundo","category-ultimas-noticias"],"_links":{"self":[{"href":"https:\/\/archive.sana.sy\/es\/index.php?rest_route=\/wp\/v2\/posts\/344076"}],"collection":[{"href":"https:\/\/archive.sana.sy\/es\/index.php?rest_route=\/wp\/v2\/posts"}],"about":[{"href":"https:\/\/archive.sana.sy\/es\/index.php?rest_route=\/wp\/v2\/types\/post"}],"author":[{"embeddable":true,"href":"https:\/\/archive.sana.sy\/es\/index.php?rest_route=\/wp\/v2\/users\/31"}],"replies":[{"embeddable":true,"href":"https:\/\/archive.sana.sy\/es\/index.php?rest_route=%2Fwp%2Fv2%2Fcomments&post=344076"}],"version-history":[{"count":1,"href":"https:\/\/archive.sana.sy\/es\/index.php?rest_route=\/wp\/v2\/posts\/344076\/revisions"}],"predecessor-version":[{"id":344078,"href":"https:\/\/archive.sana.sy\/es\/index.php?rest_route=\/wp\/v2\/posts\/344076\/revisions\/344078"}],"wp:featuredmedia":[{"embeddable":true,"href":"https:\/\/archive.sana.sy\/es\/index.php?rest_route=\/wp\/v2\/media\/344077"}],"wp:attachment":[{"href":"https:\/\/archive.sana.sy\/es\/index.php?rest_route=%2Fwp%2Fv2%2Fmedia&parent=344076"}],"wp:term":[{"taxonomy":"category","embeddable":true,"href":"https:\/\/archive.sana.sy\/es\/index.php?rest_route=%2Fwp%2Fv2%2Fcategories&post=344076"},{"taxonomy":"post_tag","embeddable":true,"href":"https:\/\/archive.sana.sy\/es\/index.php?rest_route=%2Fwp%2Fv2%2Ftags&post=344076"}],"curies":[{"name":"wp","href":"https:\/\/api.w.org\/{rel}","templated":true}]}}