{"id":344079,"date":"2024-11-30T19:27:27","date_gmt":"2024-11-30T16:27:27","guid":{"rendered":"https:\/\/sana.sy\/es\/?p=344079"},"modified":"2024-11-30T19:27:27","modified_gmt":"2024-11-30T16:27:27","slug":"cancilleres-de-iran-y-rusia-apoyamos-a-siria-en-la-lucha-contra-los-terroristas","status":"publish","type":"post","link":"https:\/\/archive.sana.sy\/es\/?p=344079","title":{"rendered":"Cancilleres de Ir\u00e1n y Rusia: Apoyamos a Siria en la lucha contra los terroristas"},"content":{"rendered":"<blockquote>\n<p style=\"text-align: justify;\"><span style=\"color: #993300;\">La agencia de noticias IRNA cit\u00f3 a Araqchi diciendo que \u201clos recientes movimientos de los grupos terroristas en Siria son parte de un plan sionista y estadounidense para desestabilizar la regi\u00f3n de Asia occidental\u201d<\/span><\/p>\n<\/blockquote>\n<p style=\"text-align: justify;\">\n<span style=\"color: #800000;\"><strong>Teher\u00e1n, 30 nov (SANA)\u00a0<\/strong><\/span> El ministro de Asuntos Exteriores iran\u00ed, Abbas Araqchi, y su hom\u00f3logo ruso, Sergei Lavrov, expresaron el firme apoyo de sus pa\u00edses al gobierno y al ej\u00e9rcito sirios en la lucha contra los grupos terroristas.<\/p>\n<p style=\"text-align: justify;\">En una conversaci\u00f3n telef\u00f3nica, los dos ministros subrayaron la importancia de preservar la soberan\u00eda nacional y la integridad territorial de Siria, y la necesidad de tratar lo que sucede en el marco del proceso de Astan\u00e1 y la coordinaci\u00f3n entre los pa\u00edses garantes de este proceso.<\/p>\n<p style=\"text-align: justify;\">La agencia de noticias IRNA cit\u00f3 a Araqchi diciendo que \u201clos recientes movimientos de los grupos terroristas en Siria son parte de un plan sionista y estadounidense para desestabilizar la regi\u00f3n de Asia occidental\u201d, y record\u00f3 a la comunidad internacional su responsabilidad al abordar el fen\u00f3meno malicioso del terrorismo.<\/p>\n<p style=\"text-align: justify;\">Araqchi destac\u00f3 la necesidad de la coordinaci\u00f3n al m\u00e1ximo entre Ir\u00e1n, Rusia y el resto de los pa\u00edses de la regi\u00f3n para frustrar la peligrosa conspiraci\u00f3n y enfrentar las acciones de los terroristas en Siria y la regi\u00f3n.<\/p>\n<p style=\"text-align: justify;\">A su vez, Lavrov explic\u00f3 la necesidad de la coordinaci\u00f3n entre todas las partes para hacer frente al terrorismo y la continuaci\u00f3n de estrechas consultas entre los dos pa\u00edses.<\/p>\n<p style=\"text-align: justify;\">fm\/rr<\/p>\n","protected":false},"excerpt":{"rendered":"<p>La agencia de noticias IRNA cit\u00f3 a Araqchi diciendo que \u201clos recientes movimientos de los grupos terroristas en Siria son parte de un plan sionista y estadounidense para desestabilizar la regi\u00f3n de Asia occidental\u201d Teher\u00e1n, 30 nov (SANA)\u00a0 El ministro de Asuntos Exteriores iran\u00ed, Abbas Araqchi, y su hom\u00f3logo ruso, Sergei Lavrov, expresaron el firme &hellip;<\/p>\n","protected":false},"author":31,"featured_media":344080,"comment_status":"closed","ping_status":"closed","sticky":false,"template":"","format":"standard","meta":{"footnotes":""},"categories":[597,467,7541],"tags":[],"class_list":["post-344079","post","type-post","status-publish","format-standard","has-post-thumbnail","","category-cinta-de-noticias","category-siria-y-el-mundo","category-ultimas-noticias"],"_links":{"self":[{"href":"https:\/\/archive.sana.sy\/es\/index.php?rest_route=\/wp\/v2\/posts\/344079"}],"collection":[{"href":"https:\/\/archive.sana.sy\/es\/index.php?rest_route=\/wp\/v2\/posts"}],"about":[{"href":"https:\/\/archive.sana.sy\/es\/index.php?rest_route=\/wp\/v2\/types\/post"}],"author":[{"embeddable":true,"href":"https:\/\/archive.sana.sy\/es\/index.php?rest_route=\/wp\/v2\/users\/31"}],"replies":[{"embeddable":true,"href":"https:\/\/archive.sana.sy\/es\/index.php?rest_route=%2Fwp%2Fv2%2Fcomments&post=344079"}],"version-history":[{"count":1,"href":"https:\/\/archive.sana.sy\/es\/index.php?rest_route=\/wp\/v2\/posts\/344079\/revisions"}],"predecessor-version":[{"id":344081,"href":"https:\/\/archive.sana.sy\/es\/index.php?rest_route=\/wp\/v2\/posts\/344079\/revisions\/344081"}],"wp:featuredmedia":[{"embeddable":true,"href":"https:\/\/archive.sana.sy\/es\/index.php?rest_route=\/wp\/v2\/media\/344080"}],"wp:attachment":[{"href":"https:\/\/archive.sana.sy\/es\/index.php?rest_route=%2Fwp%2Fv2%2Fmedia&parent=344079"}],"wp:term":[{"taxonomy":"category","embeddable":true,"href":"https:\/\/archive.sana.sy\/es\/index.php?rest_route=%2Fwp%2Fv2%2Fcategories&post=344079"},{"taxonomy":"post_tag","embeddable":true,"href":"https:\/\/archive.sana.sy\/es\/index.php?rest_route=%2Fwp%2Fv2%2Ftags&post=344079"}],"curies":[{"name":"wp","href":"https:\/\/api.w.org\/{rel}","templated":true}]}}