{"id":344083,"date":"2024-11-30T20:56:58","date_gmt":"2024-11-30T17:56:58","guid":{"rendered":"https:\/\/sana.sy\/es\/?p=344083"},"modified":"2024-12-01T05:52:24","modified_gmt":"2024-12-01T02:52:24","slug":"defensa-sirio-se-pronuncia-sobre-la-situacion-en-provincia-de-hama","status":"publish","type":"post","link":"https:\/\/archive.sana.sy\/es\/?p=344083","title":{"rendered":"Defensa siria se pronuncia sobre la situaci\u00f3n en provincia de Hama"},"content":{"rendered":"<blockquote>\n<p style=\"text-align: justify;\"><span style=\"color: #993300;\">\u201cLas unidades de las Fuerzas Armadas est\u00e1n desplegadas en sus posiciones en el norte y este de la gobernaci\u00f3n de Hama y est\u00e1n completamente preparadas para repeler cualquier posible ataque terrorista\u201d.<\/span><\/p>\n<\/blockquote>\n<p style=\"text-align: justify;\"><span style=\"color: #800000;\"><strong>Damasco, 30 nov (SANA)<\/strong><\/span>\u00a0 El Ministerio de Defensa de Siria desminti\u00f3 las noticias publicadas por grupos terroristas sobre la retirada del ej\u00e9rcito sirio de la provincia de Hama y asegur\u00f3 que las Fuerzas Armadas est\u00e1n desplegadas en sus posiciones en el campo norte y este de la gobernaci\u00f3n y completamente preparadas para repeler cualquier posible ataque terrorista.<\/p>\n<p style=\"text-align: justify;\">Desmentimos todas las noticias publicadas por grupos terroristas armados en sus plataformas, sitios web y algunos medios de prensa sobre la retirada del ej\u00e9rcito sirio de Hama, afirm\u00f3 una fuente militar a SANA.<\/p>\n<p style=\"text-align: justify;\">Asegur\u00f3 que las unidades de las Fuerzas Armadas est\u00e1n desplegadas en sus posiciones en el norte y este de la gobernaci\u00f3n de Hama y est\u00e1n completamente preparadas para repeler cualquier posible ataque terrorista.<\/p>\n<p style=\"text-align: justify;\">La nota asegura que los cazas sirios y rusos atacan concentraciones, movimientos y l\u00edneas de suministro de los terroristas.<\/p>\n<p style=\"text-align: justify;\">fm\/rr<\/p>\n","protected":false},"excerpt":{"rendered":"<p>\u201cLas unidades de las Fuerzas Armadas est\u00e1n desplegadas en sus posiciones en el norte y este de la gobernaci\u00f3n de Hama y est\u00e1n completamente preparadas para repeler cualquier posible ataque terrorista\u201d. Damasco, 30 nov (SANA)\u00a0 El Ministerio de Defensa de Siria desminti\u00f3 las noticias publicadas por grupos terroristas sobre la retirada del ej\u00e9rcito sirio de &hellip;<\/p>\n","protected":false},"author":31,"featured_media":344084,"comment_status":"closed","ping_status":"closed","sticky":false,"template":"","format":"standard","meta":{"footnotes":""},"categories":[477,447,597,573,476,7541],"tags":[],"class_list":["post-344083","post","type-post","status-publish","format-standard","has-post-thumbnail","","category-noticias-edulcorantes","category-local-politica","category-cinta-de-noticias","category-la-realidad-de-los-acontecimientos-en-siria","category-locales","category-ultimas-noticias"],"_links":{"self":[{"href":"https:\/\/archive.sana.sy\/es\/index.php?rest_route=\/wp\/v2\/posts\/344083"}],"collection":[{"href":"https:\/\/archive.sana.sy\/es\/index.php?rest_route=\/wp\/v2\/posts"}],"about":[{"href":"https:\/\/archive.sana.sy\/es\/index.php?rest_route=\/wp\/v2\/types\/post"}],"author":[{"embeddable":true,"href":"https:\/\/archive.sana.sy\/es\/index.php?rest_route=\/wp\/v2\/users\/31"}],"replies":[{"embeddable":true,"href":"https:\/\/archive.sana.sy\/es\/index.php?rest_route=%2Fwp%2Fv2%2Fcomments&post=344083"}],"version-history":[{"count":2,"href":"https:\/\/archive.sana.sy\/es\/index.php?rest_route=\/wp\/v2\/posts\/344083\/revisions"}],"predecessor-version":[{"id":344086,"href":"https:\/\/archive.sana.sy\/es\/index.php?rest_route=\/wp\/v2\/posts\/344083\/revisions\/344086"}],"wp:featuredmedia":[{"embeddable":true,"href":"https:\/\/archive.sana.sy\/es\/index.php?rest_route=\/wp\/v2\/media\/344084"}],"wp:attachment":[{"href":"https:\/\/archive.sana.sy\/es\/index.php?rest_route=%2Fwp%2Fv2%2Fmedia&parent=344083"}],"wp:term":[{"taxonomy":"category","embeddable":true,"href":"https:\/\/archive.sana.sy\/es\/index.php?rest_route=%2Fwp%2Fv2%2Fcategories&post=344083"},{"taxonomy":"post_tag","embeddable":true,"href":"https:\/\/archive.sana.sy\/es\/index.php?rest_route=%2Fwp%2Fv2%2Ftags&post=344083"}],"curies":[{"name":"wp","href":"https:\/\/api.w.org\/{rel}","templated":true}]}}