{"id":344095,"date":"2024-12-01T05:58:09","date_gmt":"2024-12-01T02:58:09","guid":{"rendered":"https:\/\/sana.sy\/es\/?p=344095"},"modified":"2024-12-01T06:09:20","modified_gmt":"2024-12-01T03:09:20","slug":"al-assad-siria-es-capaz-con-la-ayuda-de-sus-aliados-y-amigos-de-derrotar-a-los-terroristas","status":"publish","type":"post","link":"https:\/\/archive.sana.sy\/es\/?p=344095","title":{"rendered":"Al-Assad: Siria es capaz, con la ayuda de sus aliados y amigos, de derrotar a los terroristas"},"content":{"rendered":"<p style=\"text-align: justify;\"><span style=\"color: #800000;\"><strong>Damasco, 1 dic (SANA)\u00a0<\/strong><\/span> El presidente sirio Bashar Al-Assad y su hom\u00f3logo de Emiratos \u00c1rabes Unidos, Mohammed bin Zayed Al Nahyan, debatieron en una conversaci\u00f3n v\u00eda telef\u00f3nica, los \u00faltimos acontecimientos en Siria y una serie de cuestiones regionales.<\/p>\n<p style=\"text-align: justify;\">El presidente Al-Assad dijo que Siria contin\u00faa defendiendo su estabilidad e integridad territorial contra todos los terroristas y sus partidarios, y es capaz, con la ayuda de sus aliados y amigos, de derrotarlos y eliminarlos sin importar cu\u00e1n severos sean sus ataques terroristas.<\/p>\n<p style=\"text-align: justify;\">Mohammed bin Zayed destac\u00f3 que su pa\u00eds apoya al Estado sirio en la lucha contra el terrorismo y en la conservaci\u00f3n de su soberan\u00eda, integridad territorial y estabilidad.<\/p>\n<p style=\"text-align: justify;\">fm<\/p>\n<p style=\"text-align: justify;\">\n","protected":false},"excerpt":{"rendered":"<p>Damasco, 1 dic (SANA)\u00a0 El presidente sirio Bashar Al-Assad y su hom\u00f3logo de Emiratos \u00c1rabes Unidos, Mohammed bin Zayed Al Nahyan, debatieron en una conversaci\u00f3n v\u00eda telef\u00f3nica, los \u00faltimos acontecimientos en Siria y una serie de cuestiones regionales. El presidente Al-Assad dijo que Siria contin\u00faa defendiendo su estabilidad e integridad territorial contra todos los terroristas &hellip;<\/p>\n","protected":false},"author":34,"featured_media":344096,"comment_status":"closed","ping_status":"closed","sticky":false,"template":"","format":"standard","meta":{"footnotes":""},"categories":[447,477,597,20724,476,16237,467,583,626],"tags":[],"class_list":["post-344095","post","type-post","status-publish","format-standard","has-post-thumbnail","","category-local-politica","category-noticias-edulcorantes","category-cinta-de-noticias","category-minuto-a-minuto","category-locales","category-presidence-de-la-republique-arabe-syria","category-siria-y-el-mundo","category-slide","category-sr-presidente"],"_links":{"self":[{"href":"https:\/\/archive.sana.sy\/es\/index.php?rest_route=\/wp\/v2\/posts\/344095"}],"collection":[{"href":"https:\/\/archive.sana.sy\/es\/index.php?rest_route=\/wp\/v2\/posts"}],"about":[{"href":"https:\/\/archive.sana.sy\/es\/index.php?rest_route=\/wp\/v2\/types\/post"}],"author":[{"embeddable":true,"href":"https:\/\/archive.sana.sy\/es\/index.php?rest_route=\/wp\/v2\/users\/34"}],"replies":[{"embeddable":true,"href":"https:\/\/archive.sana.sy\/es\/index.php?rest_route=%2Fwp%2Fv2%2Fcomments&post=344095"}],"version-history":[{"count":2,"href":"https:\/\/archive.sana.sy\/es\/index.php?rest_route=\/wp\/v2\/posts\/344095\/revisions"}],"predecessor-version":[{"id":344101,"href":"https:\/\/archive.sana.sy\/es\/index.php?rest_route=\/wp\/v2\/posts\/344095\/revisions\/344101"}],"wp:featuredmedia":[{"embeddable":true,"href":"https:\/\/archive.sana.sy\/es\/index.php?rest_route=\/wp\/v2\/media\/344096"}],"wp:attachment":[{"href":"https:\/\/archive.sana.sy\/es\/index.php?rest_route=%2Fwp%2Fv2%2Fmedia&parent=344095"}],"wp:term":[{"taxonomy":"category","embeddable":true,"href":"https:\/\/archive.sana.sy\/es\/index.php?rest_route=%2Fwp%2Fv2%2Fcategories&post=344095"},{"taxonomy":"post_tag","embeddable":true,"href":"https:\/\/archive.sana.sy\/es\/index.php?rest_route=%2Fwp%2Fv2%2Ftags&post=344095"}],"curies":[{"name":"wp","href":"https:\/\/api.w.org\/{rel}","templated":true}]}}