{"id":344098,"date":"2024-12-01T06:05:06","date_gmt":"2024-12-01T03:05:06","guid":{"rendered":"https:\/\/sana.sy\/es\/?p=344098"},"modified":"2024-12-01T06:05:06","modified_gmt":"2024-12-01T03:05:06","slug":"presidente-al-assad-y-primer-ministro-iraqui-analizan-cooperacion-conjunta-en-la-lucha-contra-el-terrorismo","status":"publish","type":"post","link":"https:\/\/archive.sana.sy\/es\/?p=344098","title":{"rendered":"Presidente Al-Assad y Primer Ministro iraqu\u00ed analizan cooperaci\u00f3n conjunta en la lucha contra el terrorismo"},"content":{"rendered":"<p style=\"text-align: justify;\"><span style=\"color: #800000;\"><strong>Damasco, 1 dic (SANA)\u00a0<\/strong> <\/span>El primer ministro iraqu\u00ed, Muhammad Shiaa Al-Sudani, y el presidente Bashar Al-Assad, repasaron los recientes acontecimientos y la cooperaci\u00f3n conjunta entre los dos pa\u00edses en el campo de la lucha contra el terrorismo, adem\u00e1s de una serie de cuestiones \u00e1rabes e internacionales.<\/p>\n<p style=\"text-align: justify;\">Durante la llamada, el Primer Ministro iraqu\u00ed destac\u00f3 que la seguridad de Siria e Iraq es una sola y reiter\u00f3 la disposici\u00f3n de Irak a brindar todo el apoyo necesario a Siria para enfrentar el terrorismo y todas sus organizaciones.<\/p>\n<p style=\"text-align: justify;\">Expres\u00f3 el respaldo de su pa\u00eds a la estabilidad, soberan\u00eda y derechos territoriales de Siria.<\/p>\n<p style=\"text-align: justify;\">fm<\/p>\n","protected":false},"excerpt":{"rendered":"<p>Damasco, 1 dic (SANA)\u00a0 El primer ministro iraqu\u00ed, Muhammad Shiaa Al-Sudani, y el presidente Bashar Al-Assad, repasaron los recientes acontecimientos y la cooperaci\u00f3n conjunta entre los dos pa\u00edses en el campo de la lucha contra el terrorismo, adem\u00e1s de una serie de cuestiones \u00e1rabes e internacionales. Durante la llamada, el Primer Ministro iraqu\u00ed destac\u00f3 que &hellip;<\/p>\n","protected":false},"author":34,"featured_media":344099,"comment_status":"closed","ping_status":"closed","sticky":false,"template":"","format":"standard","meta":{"footnotes":""},"categories":[447,477,597,573,20724,476,16237,467,583,626],"tags":[],"class_list":["post-344098","post","type-post","status-publish","format-standard","has-post-thumbnail","","category-local-politica","category-noticias-edulcorantes","category-cinta-de-noticias","category-la-realidad-de-los-acontecimientos-en-siria","category-minuto-a-minuto","category-locales","category-presidence-de-la-republique-arabe-syria","category-siria-y-el-mundo","category-slide","category-sr-presidente"],"_links":{"self":[{"href":"https:\/\/archive.sana.sy\/es\/index.php?rest_route=\/wp\/v2\/posts\/344098"}],"collection":[{"href":"https:\/\/archive.sana.sy\/es\/index.php?rest_route=\/wp\/v2\/posts"}],"about":[{"href":"https:\/\/archive.sana.sy\/es\/index.php?rest_route=\/wp\/v2\/types\/post"}],"author":[{"embeddable":true,"href":"https:\/\/archive.sana.sy\/es\/index.php?rest_route=\/wp\/v2\/users\/34"}],"replies":[{"embeddable":true,"href":"https:\/\/archive.sana.sy\/es\/index.php?rest_route=%2Fwp%2Fv2%2Fcomments&post=344098"}],"version-history":[{"count":1,"href":"https:\/\/archive.sana.sy\/es\/index.php?rest_route=\/wp\/v2\/posts\/344098\/revisions"}],"predecessor-version":[{"id":344100,"href":"https:\/\/archive.sana.sy\/es\/index.php?rest_route=\/wp\/v2\/posts\/344098\/revisions\/344100"}],"wp:featuredmedia":[{"embeddable":true,"href":"https:\/\/archive.sana.sy\/es\/index.php?rest_route=\/wp\/v2\/media\/344099"}],"wp:attachment":[{"href":"https:\/\/archive.sana.sy\/es\/index.php?rest_route=%2Fwp%2Fv2%2Fmedia&parent=344098"}],"wp:term":[{"taxonomy":"category","embeddable":true,"href":"https:\/\/archive.sana.sy\/es\/index.php?rest_route=%2Fwp%2Fv2%2Fcategories&post=344098"},{"taxonomy":"post_tag","embeddable":true,"href":"https:\/\/archive.sana.sy\/es\/index.php?rest_route=%2Fwp%2Fv2%2Ftags&post=344098"}],"curies":[{"name":"wp","href":"https:\/\/api.w.org\/{rel}","templated":true}]}}