{"id":34413,"date":"2015-11-29T16:45:19","date_gmt":"2015-11-29T14:45:19","guid":{"rendered":"http:\/\/sana.sy\/es\/?p=34413"},"modified":"2015-11-29T16:45:19","modified_gmt":"2015-11-29T14:45:19","slug":"en-el-76-aniversario-de-la-usurpacion-de-alejandreta-se-repite-la-negra-historia-de-turquia","status":"publish","type":"post","link":"https:\/\/archive.sana.sy\/es\/?p=34413","title":{"rendered":"En el 76 aniversario de la usurpaci\u00f3n de Alejandreta, se repite la negra historia de Turqu\u00eda"},"content":{"rendered":"<p><span style=\"color: #800000\">Damasco, SANA<\/span><\/p>\n<p>En el 76 aniversario de usurpar a Alejandreta ( Liuaa Eskandarun) de su patria Siria por parte de Turqu\u00eda, viene hoy para recordar a los sirios, una vez m\u00e1s, de la negra historia de Turqu\u00eda, que anexion\u00f3 la zona arbitrariamente.<\/p>\n<p>Turqu\u00eda captur\u00f3 Alejandreta como un soborno, seg\u00fan un acuerdo tripartito con la ocupaci\u00f3n franco-brit\u00e1nica durante la Segunda Guerra Mundial.<\/p>\n<p>Francia y Gran Breta\u00f1a acordaron dar esa tierra estrat\u00e9gica como un soborno a Turqu\u00eda a cambio de que este \u00faltimo apoya a los Aliados en la Segunda Guerra Mundial, una cuesti\u00f3n que Turqu\u00eda intenta hacer hoy en d\u00eda a trav\u00e9s de las organizaciones terroristas armadas.<\/p>\n<p>Alejandreta se encuentra en la parte noroeste de Siria y con unas vistas al Mediterr\u00e1neo con una extensi\u00f3n de 4800 KM.<br \/>\nM\u00e1s de un mill\u00f3n de personas viven en la regi\u00f3n donde el promedio de los turcos no excedi\u00f3 del 20% de los residentes en 1920.<\/p>\n<p>Los \u00e1rabes liberaron Alejandreta en el \u201c20 de H\u00e9gira\u201d de la ocupaci\u00f3n bizantina y la restituy\u00f3 a la identidad \u00e1rabe.<br \/>\nAlejandreta qued\u00f3 bajo la ocupaci\u00f3n francesa despu\u00e9s del tratado Sykes-Picot que se firm\u00f3 en secreto entre Francia y Gran Breta\u00f1a en 1916.<\/p>\n<p>En 1936, estallaron protestas por toda Siria contra Francia exigiendo la independencia, cuando \u00e9ste cedi\u00f3 y firm\u00f3 un acuerdo el 9 de septiembre con Siria reconociendo su libertad e independencia, incluyendo Alejandreta.<\/p>\n<p>El 01 de septiembre 1939 Turqu\u00eda explot\u00f3 el estallido de la Segunda Guerra Mundial y la necesidad de la Coalici\u00f3n para unirse a Turqu\u00eda a ellos o mantenerla neutral, sobre todo despu\u00e9s de que el tratado de Montero 1939, dominaba el estrecho en el momento de la guerra, anunciando la anexi\u00f3n de Alejandreta.<\/p>\n<p>A nivel internacional, Alejandreta es a\u00fan una regi\u00f3n independiente que sigue a Siria en sus asuntos externos y ligado a ella en la moneda, las aduanas y el correo, la Liga de las Naciones, que dio a luz a la ONU no reconocieron todos los procedimientos y los cambios realizados por Francia y Turqu\u00eda en Alejandreta.<\/p>\n<p>Los nombres de las ciudades, las monta\u00f1as y las llanuras en Alejandreta todav\u00eda perduran el esp\u00edritu de la regi\u00f3n y su historia, hablan a trav\u00e9s de su identidad de la tierra madre, como Antakya, Iskenderun y al-Swiediya, que son nombres que reflejan el arabismo de las ciudades.<\/p>\n<p>Iskenderun y Antioqu\u00eda son considerados como principales ciudades de Alejandreta.<\/p>\n<p>Alejandreta sigue siendo eterna en la memoria y el coraz\u00f3n de los sirios como una tierra siria \u00e1rabe ocupada que ha de devolver a su patria, Siria.<\/p>\n<p>&nbsp;<\/p>\n<p>&nbsp;<\/p>\n","protected":false},"excerpt":{"rendered":"<p>Damasco, SANA En el 76 aniversario de usurpar a Alejandreta ( Liuaa Eskandarun) de su patria Siria por parte de Turqu\u00eda, viene hoy para recordar a los sirios, una vez m\u00e1s, de la negra historia de Turqu\u00eda, que anexion\u00f3 la zona arbitrariamente. Turqu\u00eda captur\u00f3 Alejandreta como un soborno, seg\u00fan un acuerdo tripartito con la ocupaci\u00f3n &hellip;<\/p>\n","protected":false},"author":24,"featured_media":34414,"comment_status":"closed","ping_status":"closed","sticky":false,"template":"","format":"standard","meta":{"footnotes":""},"categories":[476],"tags":[],"class_list":["post-34413","post","type-post","status-publish","format-standard","has-post-thumbnail","","category-locales"],"_links":{"self":[{"href":"https:\/\/archive.sana.sy\/es\/index.php?rest_route=\/wp\/v2\/posts\/34413"}],"collection":[{"href":"https:\/\/archive.sana.sy\/es\/index.php?rest_route=\/wp\/v2\/posts"}],"about":[{"href":"https:\/\/archive.sana.sy\/es\/index.php?rest_route=\/wp\/v2\/types\/post"}],"author":[{"embeddable":true,"href":"https:\/\/archive.sana.sy\/es\/index.php?rest_route=\/wp\/v2\/users\/24"}],"replies":[{"embeddable":true,"href":"https:\/\/archive.sana.sy\/es\/index.php?rest_route=%2Fwp%2Fv2%2Fcomments&post=34413"}],"version-history":[{"count":0,"href":"https:\/\/archive.sana.sy\/es\/index.php?rest_route=\/wp\/v2\/posts\/34413\/revisions"}],"wp:featuredmedia":[{"embeddable":true,"href":"https:\/\/archive.sana.sy\/es\/index.php?rest_route=\/wp\/v2\/media\/34414"}],"wp:attachment":[{"href":"https:\/\/archive.sana.sy\/es\/index.php?rest_route=%2Fwp%2Fv2%2Fmedia&parent=34413"}],"wp:term":[{"taxonomy":"category","embeddable":true,"href":"https:\/\/archive.sana.sy\/es\/index.php?rest_route=%2Fwp%2Fv2%2Fcategories&post=34413"},{"taxonomy":"post_tag","embeddable":true,"href":"https:\/\/archive.sana.sy\/es\/index.php?rest_route=%2Fwp%2Fv2%2Ftags&post=34413"}],"curies":[{"name":"wp","href":"https:\/\/api.w.org\/{rel}","templated":true}]}}