{"id":344145,"date":"2024-12-01T17:00:28","date_gmt":"2024-12-01T14:00:28","guid":{"rendered":"https:\/\/sana.sy\/es\/?p=344145"},"modified":"2024-12-01T17:00:28","modified_gmt":"2024-12-01T14:00:28","slug":"fuerzas-rusas-liberan-dos-localidades-en-donetsk-y-derriban-55-drones","status":"publish","type":"post","link":"https:\/\/archive.sana.sy\/es\/?p=344145","title":{"rendered":"Fuerzas rusas liberan dos localidades en Donetsk y derriban 55 drones"},"content":{"rendered":"<p style=\"text-align: justify;\"><span style=\"color: #800000;\"><strong>Mosc\u00fa, 01 dic (SANA)<\/strong>\u00a0 \u00a0<\/span>Las Fuerzas Rusas liberaron las localidades de Ilinka y Petrovka, en la Rep\u00fablica Popular de Donetsk, inform\u00f3 hoy el Ministerio de Defensa de Rusia en su informe diario sobre el progreso de la operaci\u00f3n militar especial.<\/p>\n<p style=\"text-align: justify;\">Puntualiz\u00f3 que las p\u00e9rdidas de Kiev durante la \u00faltima jornada sumaron unos 1.565 soldados mientras la defensa antia\u00e9rea rusa derrib\u00f3 55 drones.<\/p>\n<p style=\"text-align: justify;\">Asimismo, las fuerzas rusas asestaron golpes contra instalaciones de aer\u00f3dromos militares, f\u00e1bricas y talleres de drones, as\u00ed como contra acumulaciones de tropas y equipos militares ucranianos en 136 zonas.<\/p>\n<p style=\"text-align: justify;\">Las tropas rusas alcanzaron un veh\u00edculo blindado de transporte de tropas \u041c113 y uno de combate Humvee, ambos producidos en EEUU, as\u00ed como un ob\u00fas FH-70 de fabricaci\u00f3n brit\u00e1nica.<\/p>\n<p style=\"text-align: justify;\">En la regi\u00f3n rusa de Kursk, las p\u00e9rdidas totales de las Fuerzas Armadas de Ucrania desde el inicio de su incursi\u00f3n en la zona han superado 37.000 militares entre muertos y heridos.<\/p>\n<p style=\"text-align: justify;\">En las \u00faltimas 24 horas, las bajas de las FF.AA. de Ucrania fueron de hasta 255 uniformados, 2 veh\u00edculos blindados de combate, 3 autom\u00f3viles y 2 morteros.<\/p>\n<p style=\"text-align: justify;\">fm\/sm<\/p>\n","protected":false},"excerpt":{"rendered":"<p>Mosc\u00fa, 01 dic (SANA)\u00a0 \u00a0Las Fuerzas Rusas liberaron las localidades de Ilinka y Petrovka, en la Rep\u00fablica Popular de Donetsk, inform\u00f3 hoy el Ministerio de Defensa de Rusia en su informe diario sobre el progreso de la operaci\u00f3n militar especial. Puntualiz\u00f3 que las p\u00e9rdidas de Kiev durante la \u00faltima jornada sumaron unos 1.565 soldados mientras &hellip;<\/p>\n","protected":false},"author":39,"featured_media":344146,"comment_status":"closed","ping_status":"closed","sticky":false,"template":"","format":"standard","meta":{"footnotes":""},"categories":[597,456,16687,20724,7541],"tags":[],"class_list":["post-344145","post","type-post","status-publish","format-standard","has-post-thumbnail","","category-cinta-de-noticias","category-arabe-internacional-politica","category-internacionales","category-minuto-a-minuto","category-ultimas-noticias"],"_links":{"self":[{"href":"https:\/\/archive.sana.sy\/es\/index.php?rest_route=\/wp\/v2\/posts\/344145"}],"collection":[{"href":"https:\/\/archive.sana.sy\/es\/index.php?rest_route=\/wp\/v2\/posts"}],"about":[{"href":"https:\/\/archive.sana.sy\/es\/index.php?rest_route=\/wp\/v2\/types\/post"}],"author":[{"embeddable":true,"href":"https:\/\/archive.sana.sy\/es\/index.php?rest_route=\/wp\/v2\/users\/39"}],"replies":[{"embeddable":true,"href":"https:\/\/archive.sana.sy\/es\/index.php?rest_route=%2Fwp%2Fv2%2Fcomments&post=344145"}],"version-history":[{"count":1,"href":"https:\/\/archive.sana.sy\/es\/index.php?rest_route=\/wp\/v2\/posts\/344145\/revisions"}],"predecessor-version":[{"id":344147,"href":"https:\/\/archive.sana.sy\/es\/index.php?rest_route=\/wp\/v2\/posts\/344145\/revisions\/344147"}],"wp:featuredmedia":[{"embeddable":true,"href":"https:\/\/archive.sana.sy\/es\/index.php?rest_route=\/wp\/v2\/media\/344146"}],"wp:attachment":[{"href":"https:\/\/archive.sana.sy\/es\/index.php?rest_route=%2Fwp%2Fv2%2Fmedia&parent=344145"}],"wp:term":[{"taxonomy":"category","embeddable":true,"href":"https:\/\/archive.sana.sy\/es\/index.php?rest_route=%2Fwp%2Fv2%2Fcategories&post=344145"},{"taxonomy":"post_tag","embeddable":true,"href":"https:\/\/archive.sana.sy\/es\/index.php?rest_route=%2Fwp%2Fv2%2Ftags&post=344145"}],"curies":[{"name":"wp","href":"https:\/\/api.w.org\/{rel}","templated":true}]}}