{"id":344148,"date":"2024-12-01T17:21:32","date_gmt":"2024-12-01T14:21:32","guid":{"rendered":"https:\/\/sana.sy\/es\/?p=344148"},"modified":"2024-12-01T17:24:29","modified_gmt":"2024-12-01T14:24:29","slug":"al-menos-47-martires-y-108-heridos-en-nuevas-masacres-israelies-en-gaza","status":"publish","type":"post","link":"https:\/\/archive.sana.sy\/es\/?p=344148","title":{"rendered":"Al menos 47 m\u00e1rtires y 108 heridos por nuevas masacres israel\u00edes en Gaza"},"content":{"rendered":"<p style=\"text-align: justify\"><span style=\"color: #800000\"><strong>Jerusal\u00e9n ocupada, 01 dic (SANA)<\/strong> <\/span>El Ministerio de Salud palestino denunci\u00f3 que durante las \u00faltimas 24 horas, el ocupante israel\u00ed cometi\u00f3 6 masacres en la Franja de Gaza, en las cuales 47 personas perdieron la vida y otros 108 resultaron heridos.<\/p>\n<p style=\"text-align: justify\">En una declaraci\u00f3n, el Ministerio resalt\u00f3 que el saldo de v\u00edctimas de la continua agresi\u00f3n contra el enclave asediado que arranc\u00f3 hace 422 d\u00edas, ha aumentado a 44.429 m\u00e1rtires y 105.250 heridos.<\/p>\n<p style=\"text-align: justify\">Reiter\u00f3 que este balance no incluye a las personas que a\u00fan se encuentran por debajo de los escombros.<\/p>\n<p style=\"text-align: justify\">Anteriormente, se reportaron ocho m\u00e1rtires y numerosos resultaron heridos como resultado del bombardeos lanzados por la aviaci\u00f3n israel\u00ed \u00a0contra la ciudad de Khan Yunis y el campamento de Shabura en la ciudad de Rafah, el sur de la Franja de Gaza.<\/p>\n<p>la<\/p>\n","protected":false},"excerpt":{"rendered":"<p>Jerusal\u00e9n ocupada, 01 dic (SANA) El Ministerio de Salud palestino denunci\u00f3 que durante las \u00faltimas 24 horas, el ocupante israel\u00ed cometi\u00f3 6 masacres en la Franja de Gaza, en las cuales 47 personas perdieron la vida y otros 108 resultaron heridos. En una declaraci\u00f3n, el Ministerio resalt\u00f3 que el saldo de v\u00edctimas de la continua &hellip;<\/p>\n","protected":false},"author":24,"featured_media":344150,"comment_status":"closed","ping_status":"closed","sticky":false,"template":"","format":"standard","meta":{"footnotes":""},"categories":[597,456,20724,7541],"tags":[],"class_list":["post-344148","post","type-post","status-publish","format-standard","has-post-thumbnail","","category-cinta-de-noticias","category-arabe-internacional-politica","category-minuto-a-minuto","category-ultimas-noticias"],"_links":{"self":[{"href":"https:\/\/archive.sana.sy\/es\/index.php?rest_route=\/wp\/v2\/posts\/344148"}],"collection":[{"href":"https:\/\/archive.sana.sy\/es\/index.php?rest_route=\/wp\/v2\/posts"}],"about":[{"href":"https:\/\/archive.sana.sy\/es\/index.php?rest_route=\/wp\/v2\/types\/post"}],"author":[{"embeddable":true,"href":"https:\/\/archive.sana.sy\/es\/index.php?rest_route=\/wp\/v2\/users\/24"}],"replies":[{"embeddable":true,"href":"https:\/\/archive.sana.sy\/es\/index.php?rest_route=%2Fwp%2Fv2%2Fcomments&post=344148"}],"version-history":[{"count":3,"href":"https:\/\/archive.sana.sy\/es\/index.php?rest_route=\/wp\/v2\/posts\/344148\/revisions"}],"predecessor-version":[{"id":344155,"href":"https:\/\/archive.sana.sy\/es\/index.php?rest_route=\/wp\/v2\/posts\/344148\/revisions\/344155"}],"wp:featuredmedia":[{"embeddable":true,"href":"https:\/\/archive.sana.sy\/es\/index.php?rest_route=\/wp\/v2\/media\/344150"}],"wp:attachment":[{"href":"https:\/\/archive.sana.sy\/es\/index.php?rest_route=%2Fwp%2Fv2%2Fmedia&parent=344148"}],"wp:term":[{"taxonomy":"category","embeddable":true,"href":"https:\/\/archive.sana.sy\/es\/index.php?rest_route=%2Fwp%2Fv2%2Fcategories&post=344148"},{"taxonomy":"post_tag","embeddable":true,"href":"https:\/\/archive.sana.sy\/es\/index.php?rest_route=%2Fwp%2Fv2%2Ftags&post=344148"}],"curies":[{"name":"wp","href":"https:\/\/api.w.org\/{rel}","templated":true}]}}