{"id":344162,"date":"2024-12-01T19:30:13","date_gmt":"2024-12-01T16:30:13","guid":{"rendered":"https:\/\/sana.sy\/es\/?p=344162"},"modified":"2024-12-01T19:32:12","modified_gmt":"2024-12-01T16:32:12","slug":"cuba-reafirma-su-solidaridad-con-siria-frente-al-terrorismo","status":"publish","type":"post","link":"https:\/\/archive.sana.sy\/es\/?p=344162","title":{"rendered":"Cuba manifiesta plena solidaridad con Siria frente al terrorismo"},"content":{"rendered":"<p style=\"text-align: justify\"><span style=\"color: #800000\"><strong>La Habana, 1 dic (SANA)<\/strong> <\/span>Cuba reiter\u00f3 su plena solidaridad con Siria y su pueblo en su continua batalla contra e l terrorismo.<\/p>\n<p style=\"text-align: justify\">\u201cDesde Cuba, expresamos nuestra solidaridad y apoyo al pueblo y Gobierno de Siria, ante los recientes ataques de grupos terroristas contra la ciudad de Alepo.\u201d, se\u00f1al\u00f3 el jefe de la diplomacia cubana, Bruno Rodr\u00edguez en su cuenta en la plataforma X.<\/p>\n<p style=\"text-align: justify\">Asimismo, exigi\u00f3 que \u201cse respete la soberan\u00eda, la estabilidad y la integridad territorial de esa hermana naci\u00f3n.\u201d<\/p>\n<p style=\"text-align: justify\">la<\/p>\n","protected":false},"excerpt":{"rendered":"<p>La Habana, 1 dic (SANA) Cuba reiter\u00f3 su plena solidaridad con Siria y su pueblo en su continua batalla contra e l terrorismo. \u201cDesde Cuba, expresamos nuestra solidaridad y apoyo al pueblo y Gobierno de Siria, ante los recientes ataques de grupos terroristas contra la ciudad de Alepo.\u201d, se\u00f1al\u00f3 el jefe de la diplomacia cubana, &hellip;<\/p>\n","protected":false},"author":24,"featured_media":329736,"comment_status":"closed","ping_status":"closed","sticky":false,"template":"","format":"standard","meta":{"footnotes":""},"categories":[597,456,20724,7541],"tags":[],"class_list":["post-344162","post","type-post","status-publish","format-standard","has-post-thumbnail","","category-cinta-de-noticias","category-arabe-internacional-politica","category-minuto-a-minuto","category-ultimas-noticias"],"_links":{"self":[{"href":"https:\/\/archive.sana.sy\/es\/index.php?rest_route=\/wp\/v2\/posts\/344162"}],"collection":[{"href":"https:\/\/archive.sana.sy\/es\/index.php?rest_route=\/wp\/v2\/posts"}],"about":[{"href":"https:\/\/archive.sana.sy\/es\/index.php?rest_route=\/wp\/v2\/types\/post"}],"author":[{"embeddable":true,"href":"https:\/\/archive.sana.sy\/es\/index.php?rest_route=\/wp\/v2\/users\/24"}],"replies":[{"embeddable":true,"href":"https:\/\/archive.sana.sy\/es\/index.php?rest_route=%2Fwp%2Fv2%2Fcomments&post=344162"}],"version-history":[{"count":3,"href":"https:\/\/archive.sana.sy\/es\/index.php?rest_route=\/wp\/v2\/posts\/344162\/revisions"}],"predecessor-version":[{"id":344165,"href":"https:\/\/archive.sana.sy\/es\/index.php?rest_route=\/wp\/v2\/posts\/344162\/revisions\/344165"}],"wp:featuredmedia":[{"embeddable":true,"href":"https:\/\/archive.sana.sy\/es\/index.php?rest_route=\/wp\/v2\/media\/329736"}],"wp:attachment":[{"href":"https:\/\/archive.sana.sy\/es\/index.php?rest_route=%2Fwp%2Fv2%2Fmedia&parent=344162"}],"wp:term":[{"taxonomy":"category","embeddable":true,"href":"https:\/\/archive.sana.sy\/es\/index.php?rest_route=%2Fwp%2Fv2%2Fcategories&post=344162"},{"taxonomy":"post_tag","embeddable":true,"href":"https:\/\/archive.sana.sy\/es\/index.php?rest_route=%2Fwp%2Fv2%2Ftags&post=344162"}],"curies":[{"name":"wp","href":"https:\/\/api.w.org\/{rel}","templated":true}]}}