{"id":344166,"date":"2024-12-01T20:11:04","date_gmt":"2024-12-01T17:11:04","guid":{"rendered":"https:\/\/sana.sy\/es\/?p=344166"},"modified":"2024-12-01T20:29:37","modified_gmt":"2024-12-01T17:29:37","slug":"gabinete-sostiene-una-sesion-extraordinaria-para-dar-seguimiento-a-la-situacion-en-alepo","status":"publish","type":"post","link":"https:\/\/archive.sana.sy\/es\/?p=344166","title":{"rendered":"Gabinete sostiene una sesi\u00f3n extraordinaria para dar seguimiento a la situaci\u00f3n en Alepo"},"content":{"rendered":"<p style=\"text-align: justify\"><span style=\"color: #800000\"><strong>Damasco, 1 dic (SANA)<\/strong> <\/span>El Consejo de Ministros sostuvo este domingo una sesi\u00f3n extraordinaria para abordar las repercusiones de la ofensiva terrorista desatada hace unos d\u00edas por organizaciones afiliadas al Frente de al-Nusra, entre otras, contra las provincias norte\u00f1as de Alepo e Idleb.<\/p>\n<p style=\"text-align: justify\">Durante la reuni\u00f3n, el jefe del Gabinete, Mohamad al-Jalali, instruy\u00f3 ofrecer todo el apoyo necesario a las fuerzas armadas para garantizar la victoria sobre el terrorismo y sus patrocinadores.<\/p>\n<p style=\"text-align: justify\">Asimismo afirm\u00f3 que lo que hicieron los terroristas del \u201cFrente de al-Nusra\u201d fue un intento desesperado para revivir sus sue\u00f1os de difundir su nefasta ideolog\u00eda terrorista en el suelo sirio.<\/p>\n<p style=\"text-align: justify\">Los ministros del Interior y de la Defensa ofrecieron una presentaci\u00f3n sobre los \u00faltimos acontecimientos sobre el terreno y las significativas bajas que sufrieron los grupos terroristas a manos de las fuerzas sirias.<\/p>\n<p style=\"text-align: justify\">Por su parte, el ministro de Administraci\u00f3n local y Medioambiente, Louay Kharita dio seguimiento a la situaci\u00f3n del sector de servicios en la provincia septentrional tras la entrada de los grupos terroristas y el control que tomaron de la mayor\u00eda de los edificios gubernamentales all\u00ed.<\/p>\n<p style=\"text-align: justify\">Se\u00f1al\u00f3 que el gobernador y directores administrativos est\u00e1n examinando de cerca la situaci\u00f3n en la gobernaci\u00f3n fuera de sus oficinas oficiales.<\/p>\n<p style=\"text-align: justify\">De igual manera, se revisaron las medidas adoptadas por el Ministerio de Petr\u00f3leo para facilitar el acceso de la poblaci\u00f3n de Alepo al combustible.<\/p>\n<p style=\"text-align: justify\">El Ministerio de Asuntos Sociales exhibi\u00f3 tambi\u00e9n las medidas tomadas para garantizar una residencia temporal a las personas desplazadas.<\/p>\n<p style=\"text-align: justify\">El sistema de salud y su preparaci\u00f3n para recibir a civiles y militares heridos y heridos en Alepo, fue uno de los temas esenciales debatidos durante la reuni\u00f3n.<\/p>\n<p style=\"text-align: justify\">Se decidi\u00f3 encargar al Ministerio de Cultura de la comunicaci\u00f3n con las organizaciones internacionales pertinentes para concretar medidas urgentes en cuanto a la preservaci\u00f3n de las antig\u00fcedades y el patrimonio tangible e intangible en Alepo.<\/p>\n<p style=\"text-align: justify\">la<\/p>\n","protected":false},"excerpt":{"rendered":"<p>Damasco, 1 dic (SANA) El Consejo de Ministros sostuvo este domingo una sesi\u00f3n extraordinaria para abordar las repercusiones de la ofensiva terrorista desatada hace unos d\u00edas por organizaciones afiliadas al Frente de al-Nusra, entre otras, contra las provincias norte\u00f1as de Alepo e Idleb. Durante la reuni\u00f3n, el jefe del Gabinete, Mohamad al-Jalali, instruy\u00f3 ofrecer todo &hellip;<\/p>\n","protected":false},"author":24,"featured_media":344167,"comment_status":"closed","ping_status":"closed","sticky":false,"template":"","format":"standard","meta":{"footnotes":""},"categories":[447,597,20724,476,448,7541],"tags":[],"class_list":["post-344166","post","type-post","status-publish","format-standard","has-post-thumbnail","","category-local-politica","category-cinta-de-noticias","category-minuto-a-minuto","category-locales","category-noticias","category-ultimas-noticias"],"_links":{"self":[{"href":"https:\/\/archive.sana.sy\/es\/index.php?rest_route=\/wp\/v2\/posts\/344166"}],"collection":[{"href":"https:\/\/archive.sana.sy\/es\/index.php?rest_route=\/wp\/v2\/posts"}],"about":[{"href":"https:\/\/archive.sana.sy\/es\/index.php?rest_route=\/wp\/v2\/types\/post"}],"author":[{"embeddable":true,"href":"https:\/\/archive.sana.sy\/es\/index.php?rest_route=\/wp\/v2\/users\/24"}],"replies":[{"embeddable":true,"href":"https:\/\/archive.sana.sy\/es\/index.php?rest_route=%2Fwp%2Fv2%2Fcomments&post=344166"}],"version-history":[{"count":4,"href":"https:\/\/archive.sana.sy\/es\/index.php?rest_route=\/wp\/v2\/posts\/344166\/revisions"}],"predecessor-version":[{"id":344171,"href":"https:\/\/archive.sana.sy\/es\/index.php?rest_route=\/wp\/v2\/posts\/344166\/revisions\/344171"}],"wp:featuredmedia":[{"embeddable":true,"href":"https:\/\/archive.sana.sy\/es\/index.php?rest_route=\/wp\/v2\/media\/344167"}],"wp:attachment":[{"href":"https:\/\/archive.sana.sy\/es\/index.php?rest_route=%2Fwp%2Fv2%2Fmedia&parent=344166"}],"wp:term":[{"taxonomy":"category","embeddable":true,"href":"https:\/\/archive.sana.sy\/es\/index.php?rest_route=%2Fwp%2Fv2%2Fcategories&post=344166"},{"taxonomy":"post_tag","embeddable":true,"href":"https:\/\/archive.sana.sy\/es\/index.php?rest_route=%2Fwp%2Fv2%2Ftags&post=344166"}],"curies":[{"name":"wp","href":"https:\/\/api.w.org\/{rel}","templated":true}]}}