{"id":344172,"date":"2024-12-01T21:01:05","date_gmt":"2024-12-01T18:01:05","guid":{"rendered":"https:\/\/sana.sy\/es\/?p=344172"},"modified":"2024-12-01T21:01:05","modified_gmt":"2024-12-01T18:01:05","slug":"terroristas-sufren-bajas-en-ataques-del-ejercito-en-al-sfeira-al-sur-de-alepo","status":"publish","type":"post","link":"https:\/\/archive.sana.sy\/es\/?p=344172","title":{"rendered":"Terroristas sufren bajas en ataques del ej\u00e9rcito en Al-Sfeira, al sur de Alepo"},"content":{"rendered":"<p style=\"text-align: justify\"><span style=\"color: #800000\"><strong>Damasco, 1 dic (SANA)<\/strong> <\/span>Una fuente militar declar\u00f3 hoy que los terroristas sufrieron decenas de bajas tras los ataques a\u00e9reos llevados a cabo por la fuerza a\u00e9rea conjunta sirio-rusa en las afueras de la localidad de Al-Sfeira, en el sur de la provincia de Alepo.<\/p>\n<p style=\"text-align: justify\">Anteriormente, el Ministerio de Defensa inform\u00f3 que m\u00e1s refuerzos militares llegaron al norte de la provincia de Hama para apoyar el avance de las Fuerzas Armadas en este frente.<\/p>\n<p style=\"text-align: justify\">Indic\u00f3 que los refuerzos incluyen soldados, equipo pesado y lanzacohetes.<\/p>\n<p style=\"text-align: justify\">Seg\u00fan el ente castrense, los grupos terroristas armados huyen masivamente ante el avance del ej\u00e9rcito en esta zona.<br \/>\nPor otro lado, los aviones de combate sirio-rusos intensificaron sus ataques contra sedes, cuarteles generales y dep\u00f3sitos de armas y municiones de los terroristas, dejando decenas de ellos entre muertos o heridos.<\/p>\n<p style=\"text-align: justify\">\n<p style=\"text-align: justify\">la<\/p>\n","protected":false},"excerpt":{"rendered":"<p>Damasco, 1 dic (SANA) Una fuente militar declar\u00f3 hoy que los terroristas sufrieron decenas de bajas tras los ataques a\u00e9reos llevados a cabo por la fuerza a\u00e9rea conjunta sirio-rusa en las afueras de la localidad de Al-Sfeira, en el sur de la provincia de Alepo. Anteriormente, el Ministerio de Defensa inform\u00f3 que m\u00e1s refuerzos militares &hellip;<\/p>\n","protected":false},"author":24,"featured_media":344173,"comment_status":"closed","ping_status":"closed","sticky":false,"template":"","format":"standard","meta":{"footnotes":""},"categories":[447,597,20724,476,7541],"tags":[],"class_list":["post-344172","post","type-post","status-publish","format-standard","has-post-thumbnail","","category-local-politica","category-cinta-de-noticias","category-minuto-a-minuto","category-locales","category-ultimas-noticias"],"_links":{"self":[{"href":"https:\/\/archive.sana.sy\/es\/index.php?rest_route=\/wp\/v2\/posts\/344172"}],"collection":[{"href":"https:\/\/archive.sana.sy\/es\/index.php?rest_route=\/wp\/v2\/posts"}],"about":[{"href":"https:\/\/archive.sana.sy\/es\/index.php?rest_route=\/wp\/v2\/types\/post"}],"author":[{"embeddable":true,"href":"https:\/\/archive.sana.sy\/es\/index.php?rest_route=\/wp\/v2\/users\/24"}],"replies":[{"embeddable":true,"href":"https:\/\/archive.sana.sy\/es\/index.php?rest_route=%2Fwp%2Fv2%2Fcomments&post=344172"}],"version-history":[{"count":1,"href":"https:\/\/archive.sana.sy\/es\/index.php?rest_route=\/wp\/v2\/posts\/344172\/revisions"}],"predecessor-version":[{"id":344174,"href":"https:\/\/archive.sana.sy\/es\/index.php?rest_route=\/wp\/v2\/posts\/344172\/revisions\/344174"}],"wp:featuredmedia":[{"embeddable":true,"href":"https:\/\/archive.sana.sy\/es\/index.php?rest_route=\/wp\/v2\/media\/344173"}],"wp:attachment":[{"href":"https:\/\/archive.sana.sy\/es\/index.php?rest_route=%2Fwp%2Fv2%2Fmedia&parent=344172"}],"wp:term":[{"taxonomy":"category","embeddable":true,"href":"https:\/\/archive.sana.sy\/es\/index.php?rest_route=%2Fwp%2Fv2%2Fcategories&post=344172"},{"taxonomy":"post_tag","embeddable":true,"href":"https:\/\/archive.sana.sy\/es\/index.php?rest_route=%2Fwp%2Fv2%2Ftags&post=344172"}],"curies":[{"name":"wp","href":"https:\/\/api.w.org\/{rel}","templated":true}]}}