{"id":344180,"date":"2024-12-01T21:15:31","date_gmt":"2024-12-01T18:15:31","guid":{"rendered":"https:\/\/sana.sy\/es\/?p=344180"},"modified":"2024-12-01T21:15:31","modified_gmt":"2024-12-01T18:15:31","slug":"jefe-del-estado-mayor-del-ejercito-sirio-visita-la-linea-del-frente-en-hama","status":"publish","type":"post","link":"https:\/\/archive.sana.sy\/es\/?p=344180","title":{"rendered":"Jefe del Estado Mayor del Ej\u00e9rcito sirio visita la l\u00ednea del frente en Hama"},"content":{"rendered":"<p style=\"text-align: justify\"><span style=\"color: #800000\"><strong>Hama, 1 dic (SANA)<\/strong><\/span> Atendiendo instrucciones del presidente Bashar al-Assad, el general Abdul Karim Mahmoud Ibrahim, Jefe del Estado Mayor del Ej\u00e9rcito y las Fuerzas Armadas visit\u00f3 las unidades castrenses el norte de la provincia de Hama.<\/p>\n<p style=\"text-align: justify\">El general convers\u00f3 con los combatientes que operan en el frente y en las localidades recuperadas por el ej\u00e9rcito.<\/p>\n<p style=\"text-align: justify\">Confirm\u00f3 que el Ej\u00e9rcito \u00c1rabe Sirio seguir\u00e1 siendo el garante del pueblo del pa\u00eds y el defensor de Siria y su soberan\u00eda.<\/p>\n<p>la\/fm<\/p>\n","protected":false},"excerpt":{"rendered":"<p>Hama, 1 dic (SANA) Atendiendo instrucciones del presidente Bashar al-Assad, el general Abdul Karim Mahmoud Ibrahim, Jefe del Estado Mayor del Ej\u00e9rcito y las Fuerzas Armadas visit\u00f3 las unidades castrenses el norte de la provincia de Hama. El general convers\u00f3 con los combatientes que operan en el frente y en las localidades recuperadas por el &hellip;<\/p>\n","protected":false},"author":24,"featured_media":344181,"comment_status":"closed","ping_status":"closed","sticky":false,"template":"","format":"standard","meta":{"footnotes":""},"categories":[447,597,20724,476,448,7541],"tags":[],"class_list":["post-344180","post","type-post","status-publish","format-standard","has-post-thumbnail","","category-local-politica","category-cinta-de-noticias","category-minuto-a-minuto","category-locales","category-noticias","category-ultimas-noticias"],"_links":{"self":[{"href":"https:\/\/archive.sana.sy\/es\/index.php?rest_route=\/wp\/v2\/posts\/344180"}],"collection":[{"href":"https:\/\/archive.sana.sy\/es\/index.php?rest_route=\/wp\/v2\/posts"}],"about":[{"href":"https:\/\/archive.sana.sy\/es\/index.php?rest_route=\/wp\/v2\/types\/post"}],"author":[{"embeddable":true,"href":"https:\/\/archive.sana.sy\/es\/index.php?rest_route=\/wp\/v2\/users\/24"}],"replies":[{"embeddable":true,"href":"https:\/\/archive.sana.sy\/es\/index.php?rest_route=%2Fwp%2Fv2%2Fcomments&post=344180"}],"version-history":[{"count":1,"href":"https:\/\/archive.sana.sy\/es\/index.php?rest_route=\/wp\/v2\/posts\/344180\/revisions"}],"predecessor-version":[{"id":344182,"href":"https:\/\/archive.sana.sy\/es\/index.php?rest_route=\/wp\/v2\/posts\/344180\/revisions\/344182"}],"wp:featuredmedia":[{"embeddable":true,"href":"https:\/\/archive.sana.sy\/es\/index.php?rest_route=\/wp\/v2\/media\/344181"}],"wp:attachment":[{"href":"https:\/\/archive.sana.sy\/es\/index.php?rest_route=%2Fwp%2Fv2%2Fmedia&parent=344180"}],"wp:term":[{"taxonomy":"category","embeddable":true,"href":"https:\/\/archive.sana.sy\/es\/index.php?rest_route=%2Fwp%2Fv2%2Fcategories&post=344180"},{"taxonomy":"post_tag","embeddable":true,"href":"https:\/\/archive.sana.sy\/es\/index.php?rest_route=%2Fwp%2Fv2%2Ftags&post=344180"}],"curies":[{"name":"wp","href":"https:\/\/api.w.org\/{rel}","templated":true}]}}