{"id":344189,"date":"2024-12-02T11:15:32","date_gmt":"2024-12-02T08:15:32","guid":{"rendered":"https:\/\/sana.sy\/es\/?p=344189"},"modified":"2024-12-02T11:16:21","modified_gmt":"2024-12-02T08:16:21","slug":"%f0%9f%87%b8%f0%9f%87%belas-noticias-minuto-a-minuto-sobre-la-ofensiva-antiterrorista-de-siria-en-alepo-e-idlib","status":"publish","type":"post","link":"https:\/\/archive.sana.sy\/es\/?p=344189","title":{"rendered":"&#x1f1f8;&#x1f1fe;Las noticias minuto a minuto sobre la ofensiva antiterrorista de Siria en Alepo e Idlib"},"content":{"rendered":"<p style=\"text-align: justify;\"><span style=\"color: #800000;\"><strong>Damasco, 2 dic (SANA)<\/strong><\/span>\u00a0 a continuaci\u00f3n las noticias m\u00e1s importantes sobre la ofensiva que libran las Fuerzas Armadas de Siria contra los grupos terroristas en las provincias de Alepo e Idlib:<\/p>\n<p style=\"text-align: justify;\">&#x1f534;Ministerio de Defensa de Siria: La aviaci\u00f3n conjunta sirio-rusa bombarde\u00f3 una reuni\u00f3n de l\u00edderes terroristas cerca del estadio Al-Hamdaniya en la ciudad de Alepo, lo que caus\u00f3 la muerte de decenas de ellos<\/p>\n<p style=\"text-align: justify;\">&#x1f534;Fuente militar siria: los aviones de combate sirios y rusos atacaron un convoy de los grupos terroristas compuesto por decenas de veh\u00edculos y camiones cargados de municiones y armas, en el campo este de Idlib, lo que provoc\u00f3 su completa destrucci\u00f3n<\/p>\n<p style=\"text-align: justify;\">&#x1f534;El ej\u00e9rcito sirio, con la ayuda de la Fuerza A\u00e9rea Rusa, elimin\u00f3 a 320 terroristas y destruy\u00f3 63 piezas de equipos b\u00e9licos durante las batallas contra el terrorismo en las provincias de Idlib, Hama y Alepo, durante las \u00faltimas 24 horas.<\/p>\n<p style=\"text-align: justify;\">&#x1f534;Las defensas a\u00e9reas sirias derribaron drones de los terroristas en el espacio a\u00e9reo de la ciudad de Messiaf, al oeste de la provincia de Hama.<\/p>\n<p><span style=\"color: #800000;\"><strong>ws\/fm<\/strong><\/span><\/p>\n","protected":false},"excerpt":{"rendered":"<p>Damasco, 2 dic (SANA)\u00a0 a continuaci\u00f3n las noticias m\u00e1s importantes sobre la ofensiva que libran las Fuerzas Armadas de Siria contra los grupos terroristas en las provincias de Alepo e Idlib: &#x1f534;Ministerio de Defensa de Siria: La aviaci\u00f3n conjunta sirio-rusa bombarde\u00f3 una reuni\u00f3n de l\u00edderes terroristas cerca del estadio Al-Hamdaniya en la ciudad de Alepo, &hellip;<\/p>\n","protected":false},"author":35,"featured_media":344190,"comment_status":"closed","ping_status":"closed","sticky":false,"template":"","format":"standard","meta":{"footnotes":""},"categories":[477,447,597,20724,476,583],"tags":[],"class_list":["post-344189","post","type-post","status-publish","format-standard","has-post-thumbnail","","category-noticias-edulcorantes","category-local-politica","category-cinta-de-noticias","category-minuto-a-minuto","category-locales","category-slide"],"_links":{"self":[{"href":"https:\/\/archive.sana.sy\/es\/index.php?rest_route=\/wp\/v2\/posts\/344189"}],"collection":[{"href":"https:\/\/archive.sana.sy\/es\/index.php?rest_route=\/wp\/v2\/posts"}],"about":[{"href":"https:\/\/archive.sana.sy\/es\/index.php?rest_route=\/wp\/v2\/types\/post"}],"author":[{"embeddable":true,"href":"https:\/\/archive.sana.sy\/es\/index.php?rest_route=\/wp\/v2\/users\/35"}],"replies":[{"embeddable":true,"href":"https:\/\/archive.sana.sy\/es\/index.php?rest_route=%2Fwp%2Fv2%2Fcomments&post=344189"}],"version-history":[{"count":3,"href":"https:\/\/archive.sana.sy\/es\/index.php?rest_route=\/wp\/v2\/posts\/344189\/revisions"}],"predecessor-version":[{"id":344193,"href":"https:\/\/archive.sana.sy\/es\/index.php?rest_route=\/wp\/v2\/posts\/344189\/revisions\/344193"}],"wp:featuredmedia":[{"embeddable":true,"href":"https:\/\/archive.sana.sy\/es\/index.php?rest_route=\/wp\/v2\/media\/344190"}],"wp:attachment":[{"href":"https:\/\/archive.sana.sy\/es\/index.php?rest_route=%2Fwp%2Fv2%2Fmedia&parent=344189"}],"wp:term":[{"taxonomy":"category","embeddable":true,"href":"https:\/\/archive.sana.sy\/es\/index.php?rest_route=%2Fwp%2Fv2%2Fcategories&post=344189"},{"taxonomy":"post_tag","embeddable":true,"href":"https:\/\/archive.sana.sy\/es\/index.php?rest_route=%2Fwp%2Fv2%2Ftags&post=344189"}],"curies":[{"name":"wp","href":"https:\/\/api.w.org\/{rel}","templated":true}]}}