{"id":344194,"date":"2024-12-02T13:49:23","date_gmt":"2024-12-02T10:49:23","guid":{"rendered":"https:\/\/sana.sy\/es\/?p=344194"},"modified":"2024-12-02T13:50:07","modified_gmt":"2024-12-02T10:50:07","slug":"ejercito-sirio-elimino-a-400-terrorista-en-un-solo-dia","status":"publish","type":"post","link":"https:\/\/archive.sana.sy\/es\/?p=344194","title":{"rendered":"Ej\u00e9rcito sirio elimin\u00f3 a 400 terrorista en un solo d\u00eda"},"content":{"rendered":"<blockquote>\n<p style=\"text-align: justify;\"><span style=\"color: #800000;\"><strong>Estos ataques provocaron tambi\u00e9n la destrucci\u00f3n de cinco cuarteles generales de mando y 7 dep\u00f3sitos de municiones y armas, algunos de los cuales conten\u00edan drones, afirm\u00f3 el Comando en una declaraci\u00f3n.<\/strong><\/span><\/p>\n<\/blockquote>\n<p style=\"text-align: justify;\"><span style=\"color: #800000;\"><strong>Damasco, 2 dic (SANA)<\/strong><\/span>\u00a0 \u00a0El Comando General del Ej\u00e9rcito y Fuerzas Armadas anunci\u00f3 hoy que, durante las \u00faltimas 24 horas, los ataques llevados a cabo por el Ej\u00e9rcito \u00c1rabe Sirio, en cooperaci\u00f3n con las fuerzas rusas amigas que operan en Siria, han continuado mediante ataques por aviaci\u00f3n y con misiles y artiller\u00eda contra sedes terroristas, almacenes, l\u00edneas de suministro y centros de movimiento de los radicales en Alepo e Idlib.<\/p>\n<p style=\"text-align: justify;\">Estos ataques provocaron la destrucci\u00f3n de cinco cuarteles generales de mando y 7 dep\u00f3sitos de municiones y armas, algunos de los cuales conten\u00edan drones, afirm\u00f3 el Comando en una declaraci\u00f3n.<\/p>\n<p style=\"text-align: justify;\">Agreg\u00f3 que los ataques precisos lanzados en cooperaci\u00f3n con fuerzas rusas amigas, llevaron a la eliminaci\u00f3n de m\u00e1s de 400 terroristas, incluidos mercenarios de nacionalidades extranjeras, durante las \u00faltimas horas.<\/p>\n<p style=\"text-align: justify;\">Nuestras Fuerzas Armadas han comenzado a moverse en varios ejes en el campo de Alepo, Hama e Idlib para asediar a los terroristas, expulsarlos de las zonas en las que entraron, e instalar nuevos puntos de concentraci\u00f3n para prepararse para el pr\u00f3ximo ataque, mientras se siguen llegando refuerzos militares a los ejes de enfrentamiento, asegur\u00f3 el ente castrense.<\/p>\n<p style=\"text-align: justify;\">Destac\u00f3 que todo lo que se rumorea sobre el avance de los terroristas y su control de zonas, pueblos y aldeas es falso y entra dentro de la falsa propaganda lanzada por estas organizaciones en un intento de elevar la moral de sus integrantes que han comenzado a huir de muchos sitios tras las p\u00e9rdidas que sufrieron.<\/p>\n<p style=\"text-align: justify;\">El Comando General del Ej\u00e9rcito y de las Fuerzas Armadas afirm\u00f3 la disposici\u00f3n de los hombres del Ej\u00e9rcito \u00c1rabe Sirio y su determinaci\u00f3n de continuar desempe\u00f1ando sus tareas a gran ritmo y con gran entusiasmo hasta la recuperaci\u00f3n de todo el suelo contaminado por el terrorismo.<\/p>\n<p style=\"text-align: justify;\"><strong><span style=\"color: #800000;\">fm\/ws<\/span><\/strong><\/p>\n","protected":false},"excerpt":{"rendered":"<p>Estos ataques provocaron tambi\u00e9n la destrucci\u00f3n de cinco cuarteles generales de mando y 7 dep\u00f3sitos de municiones y armas, algunos de los cuales conten\u00edan drones, afirm\u00f3 el Comando en una declaraci\u00f3n. Damasco, 2 dic (SANA)\u00a0 \u00a0El Comando General del Ej\u00e9rcito y Fuerzas Armadas anunci\u00f3 hoy que, durante las \u00faltimas 24 horas, los ataques llevados a &hellip;<\/p>\n","protected":false},"author":35,"featured_media":344195,"comment_status":"closed","ping_status":"closed","sticky":false,"template":"","format":"standard","meta":{"footnotes":""},"categories":[477,447,597,20724,476,583],"tags":[],"class_list":["post-344194","post","type-post","status-publish","format-standard","has-post-thumbnail","","category-noticias-edulcorantes","category-local-politica","category-cinta-de-noticias","category-minuto-a-minuto","category-locales","category-slide"],"_links":{"self":[{"href":"https:\/\/archive.sana.sy\/es\/index.php?rest_route=\/wp\/v2\/posts\/344194"}],"collection":[{"href":"https:\/\/archive.sana.sy\/es\/index.php?rest_route=\/wp\/v2\/posts"}],"about":[{"href":"https:\/\/archive.sana.sy\/es\/index.php?rest_route=\/wp\/v2\/types\/post"}],"author":[{"embeddable":true,"href":"https:\/\/archive.sana.sy\/es\/index.php?rest_route=\/wp\/v2\/users\/35"}],"replies":[{"embeddable":true,"href":"https:\/\/archive.sana.sy\/es\/index.php?rest_route=%2Fwp%2Fv2%2Fcomments&post=344194"}],"version-history":[{"count":2,"href":"https:\/\/archive.sana.sy\/es\/index.php?rest_route=\/wp\/v2\/posts\/344194\/revisions"}],"predecessor-version":[{"id":344197,"href":"https:\/\/archive.sana.sy\/es\/index.php?rest_route=\/wp\/v2\/posts\/344194\/revisions\/344197"}],"wp:featuredmedia":[{"embeddable":true,"href":"https:\/\/archive.sana.sy\/es\/index.php?rest_route=\/wp\/v2\/media\/344195"}],"wp:attachment":[{"href":"https:\/\/archive.sana.sy\/es\/index.php?rest_route=%2Fwp%2Fv2%2Fmedia&parent=344194"}],"wp:term":[{"taxonomy":"category","embeddable":true,"href":"https:\/\/archive.sana.sy\/es\/index.php?rest_route=%2Fwp%2Fv2%2Fcategories&post=344194"},{"taxonomy":"post_tag","embeddable":true,"href":"https:\/\/archive.sana.sy\/es\/index.php?rest_route=%2Fwp%2Fv2%2Ftags&post=344194"}],"curies":[{"name":"wp","href":"https:\/\/api.w.org\/{rel}","templated":true}]}}