{"id":344198,"date":"2024-12-02T13:56:57","date_gmt":"2024-12-02T10:56:57","guid":{"rendered":"https:\/\/sana.sy\/es\/?p=344198"},"modified":"2024-12-02T13:56:57","modified_gmt":"2024-12-02T10:56:57","slug":"bahrein-rechaza-todo-lo-que-amenaza-la-seguridad-y-estabilidad-de-siria","status":"publish","type":"post","link":"https:\/\/archive.sana.sy\/es\/?p=344198","title":{"rendered":"Bahr\u00e9in rechaza todo lo que amenaza la seguridad y estabilidad de Siria."},"content":{"rendered":"<p style=\"text-align: justify;\"><span style=\"color: #800000;\"><strong>Damasco, 2 dic (SANA)\u00a0<\/strong><\/span> \u00a0El ministro sirio de Exteriores y Expatriados, Bassam Sabbagh, recibi\u00f3 una llamada telef\u00f3nica de su hom\u00f3logo de Bahr\u00e9in, Abdul Latif bin Rashid Al-Zayani, durante la cual los dos Cancilleres examinaron los \u00faltimos sucesos en el norte de Siria.<\/p>\n<p style=\"text-align: justify;\">Sabbagh explic\u00f3 a su hom\u00f3logo bahrein\u00ed la naturaleza y el alcance del ataque perpetrado por los terroristas contra Alepo e Idlib, en el que participaron un gran n\u00famero de extremistas extranjeros y que est\u00e1n siendo apoyados por diversas plataformas en redes sociales y medios de prensa.<\/p>\n<p style=\"text-align: justify;\">\nLa decisi\u00f3n del Estado sirio de seguir enfrentando este terrorismo es firme e irreversible, adem\u00e1s de proteger a sus ciudadanos, extender la autoridad y el Estado de derecho, y restaurar la seguridad y la estabilidad en todo el pa\u00eds, asever\u00f3 el canciller sirio.<\/p>\n<p style=\"text-align: justify;\">\nA su vez, el ministro Al-Zayani destac\u00f3 la firme posici\u00f3n del Reino de Bahr\u00e9in en su apoyo a Damasco para garantizar su seguridad y expres\u00f3 su rechazo a todo lo que amenaza la estabilidad y la unidad de sus tierras.<\/p>\n<p style=\"text-align: justify;\">ws\/fm<\/p>\n","protected":false},"excerpt":{"rendered":"<p>Damasco, 2 dic (SANA)\u00a0 \u00a0El ministro sirio de Exteriores y Expatriados, Bassam Sabbagh, recibi\u00f3 una llamada telef\u00f3nica de su hom\u00f3logo de Bahr\u00e9in, Abdul Latif bin Rashid Al-Zayani, durante la cual los dos Cancilleres examinaron los \u00faltimos sucesos en el norte de Siria. Sabbagh explic\u00f3 a su hom\u00f3logo bahrein\u00ed la naturaleza y el alcance del ataque &hellip;<\/p>\n","protected":false},"author":35,"featured_media":344199,"comment_status":"closed","ping_status":"closed","sticky":false,"template":"","format":"standard","meta":{"footnotes":""},"categories":[477,447,597,20724,476,7541],"tags":[],"class_list":["post-344198","post","type-post","status-publish","format-standard","has-post-thumbnail","","category-noticias-edulcorantes","category-local-politica","category-cinta-de-noticias","category-minuto-a-minuto","category-locales","category-ultimas-noticias"],"_links":{"self":[{"href":"https:\/\/archive.sana.sy\/es\/index.php?rest_route=\/wp\/v2\/posts\/344198"}],"collection":[{"href":"https:\/\/archive.sana.sy\/es\/index.php?rest_route=\/wp\/v2\/posts"}],"about":[{"href":"https:\/\/archive.sana.sy\/es\/index.php?rest_route=\/wp\/v2\/types\/post"}],"author":[{"embeddable":true,"href":"https:\/\/archive.sana.sy\/es\/index.php?rest_route=\/wp\/v2\/users\/35"}],"replies":[{"embeddable":true,"href":"https:\/\/archive.sana.sy\/es\/index.php?rest_route=%2Fwp%2Fv2%2Fcomments&post=344198"}],"version-history":[{"count":1,"href":"https:\/\/archive.sana.sy\/es\/index.php?rest_route=\/wp\/v2\/posts\/344198\/revisions"}],"predecessor-version":[{"id":344200,"href":"https:\/\/archive.sana.sy\/es\/index.php?rest_route=\/wp\/v2\/posts\/344198\/revisions\/344200"}],"wp:featuredmedia":[{"embeddable":true,"href":"https:\/\/archive.sana.sy\/es\/index.php?rest_route=\/wp\/v2\/media\/344199"}],"wp:attachment":[{"href":"https:\/\/archive.sana.sy\/es\/index.php?rest_route=%2Fwp%2Fv2%2Fmedia&parent=344198"}],"wp:term":[{"taxonomy":"category","embeddable":true,"href":"https:\/\/archive.sana.sy\/es\/index.php?rest_route=%2Fwp%2Fv2%2Fcategories&post=344198"},{"taxonomy":"post_tag","embeddable":true,"href":"https:\/\/archive.sana.sy\/es\/index.php?rest_route=%2Fwp%2Fv2%2Ftags&post=344198"}],"curies":[{"name":"wp","href":"https:\/\/api.w.org\/{rel}","templated":true}]}}