{"id":344203,"date":"2024-12-02T14:06:33","date_gmt":"2024-12-02T11:06:33","guid":{"rendered":"https:\/\/sana.sy\/es\/?p=344203"},"modified":"2024-12-02T14:06:44","modified_gmt":"2024-12-02T11:06:44","slug":"militares-sirios-derriban-un-dron-de-los-terroristas-en-el-norte-de-hama","status":"publish","type":"post","link":"https:\/\/archive.sana.sy\/es\/?p=344203","title":{"rendered":"Militares sirios derriban un dron de los terroristas en el norte de Hama"},"content":{"rendered":"<p style=\"text-align: justify;\"><strong><span style=\"color: #800000;\">Hama, 2 dic (SANA)\u00a0<\/span><\/strong> \u00a0Las defensas a\u00e9reas del ej\u00e9rcito sirio neutralizaron hoy uno de los drones lanzados por los grupos terroristas armados, en la ciudad de Qamhana, en el norte de la provincia de Hama.<\/p>\n<p style=\"text-align: justify;\">Una fuente militar inform\u00f3 a SANA que el veh\u00edculos a\u00e9reo no tripulado llevaba municiones.<\/p>\n<p style=\"text-align: justify;\">La v\u00edspera, varios drones fueron derribados en la provincia de Hama, que estaban dirigidos a atacar comunidades civiles y posiciones militares.<\/p>\n<p style=\"text-align: justify;\"><span style=\"color: #800000;\"><strong>fm\/ws<\/strong><\/span><\/p>\n","protected":false},"excerpt":{"rendered":"<p>Hama, 2 dic (SANA)\u00a0 \u00a0Las defensas a\u00e9reas del ej\u00e9rcito sirio neutralizaron hoy uno de los drones lanzados por los grupos terroristas armados, en la ciudad de Qamhana, en el norte de la provincia de Hama. Una fuente militar inform\u00f3 a SANA que el veh\u00edculos a\u00e9reo no tripulado llevaba municiones. La v\u00edspera, varios drones fueron derribados &hellip;<\/p>\n","protected":false},"author":35,"featured_media":344204,"comment_status":"closed","ping_status":"closed","sticky":false,"template":"","format":"standard","meta":{"footnotes":""},"categories":[447,477,597,20724,476,583],"tags":[],"class_list":["post-344203","post","type-post","status-publish","format-standard","has-post-thumbnail","","category-local-politica","category-noticias-edulcorantes","category-cinta-de-noticias","category-minuto-a-minuto","category-locales","category-slide"],"_links":{"self":[{"href":"https:\/\/archive.sana.sy\/es\/index.php?rest_route=\/wp\/v2\/posts\/344203"}],"collection":[{"href":"https:\/\/archive.sana.sy\/es\/index.php?rest_route=\/wp\/v2\/posts"}],"about":[{"href":"https:\/\/archive.sana.sy\/es\/index.php?rest_route=\/wp\/v2\/types\/post"}],"author":[{"embeddable":true,"href":"https:\/\/archive.sana.sy\/es\/index.php?rest_route=\/wp\/v2\/users\/35"}],"replies":[{"embeddable":true,"href":"https:\/\/archive.sana.sy\/es\/index.php?rest_route=%2Fwp%2Fv2%2Fcomments&post=344203"}],"version-history":[{"count":1,"href":"https:\/\/archive.sana.sy\/es\/index.php?rest_route=\/wp\/v2\/posts\/344203\/revisions"}],"predecessor-version":[{"id":344205,"href":"https:\/\/archive.sana.sy\/es\/index.php?rest_route=\/wp\/v2\/posts\/344203\/revisions\/344205"}],"wp:featuredmedia":[{"embeddable":true,"href":"https:\/\/archive.sana.sy\/es\/index.php?rest_route=\/wp\/v2\/media\/344204"}],"wp:attachment":[{"href":"https:\/\/archive.sana.sy\/es\/index.php?rest_route=%2Fwp%2Fv2%2Fmedia&parent=344203"}],"wp:term":[{"taxonomy":"category","embeddable":true,"href":"https:\/\/archive.sana.sy\/es\/index.php?rest_route=%2Fwp%2Fv2%2Fcategories&post=344203"},{"taxonomy":"post_tag","embeddable":true,"href":"https:\/\/archive.sana.sy\/es\/index.php?rest_route=%2Fwp%2Fv2%2Ftags&post=344203"}],"curies":[{"name":"wp","href":"https:\/\/api.w.org\/{rel}","templated":true}]}}