{"id":344206,"date":"2024-12-02T14:14:44","date_gmt":"2024-12-02T11:14:44","guid":{"rendered":"https:\/\/sana.sy\/es\/?p=344206"},"modified":"2024-12-02T14:14:44","modified_gmt":"2024-12-02T11:14:44","slug":"ucrania-entreno-a-terroristas-sirios","status":"publish","type":"post","link":"https:\/\/archive.sana.sy\/es\/?p=344206","title":{"rendered":"Ucrania entren\u00f3 a terroristas sirios"},"content":{"rendered":"<blockquote>\n<p style=\"text-align: justify;\"><span style=\"color: #800000;\"><strong>Precis\u00f3 que el equipo de formaci\u00f3n se centr\u00f3 en las t\u00e1cticas desarrolladas durante el conflicto ucraniano, incluido el uso de drones.<\/strong><\/span><\/p>\n<\/blockquote>\n<p style=\"text-align: justify;\"><span style=\"color: #800000;\"><strong>Damasco, 2 dic (SANA)\u00a0<\/strong><\/span> \u00a0Algunos grupos terroristas que atacaron en los \u00faltimos d\u00edas la provincia siria de Alepo recibieron entrenamiento de una unidad de las Fuerzas Especiales del servicio de inteligencia militar ucraniano, afirm\u00f3 un art\u00edculo publicado en Kiev Post.<\/p>\n<p style=\"text-align: justify;\">&#8220;Seg\u00fan informaciones aparecidas en algunas redes sociales de los radicales, los grupos terroristas asentados en la regi\u00f3n de Idlib, entre los que se encontrar\u00edan miembros del llamado Partido Isl\u00e1mico del Turquest\u00e1n, habr\u00edan recibido entrenamiento operativo de tropas por las fuerzas especiales del grupo Khimik de la Direcci\u00f3n Principal de Inteligencia de Ucrania&#8221;, indic\u00f3 el medio.<\/p>\n<p style=\"text-align: justify;\">Precis\u00f3 que el equipo de formaci\u00f3n se centr\u00f3 en las t\u00e1cticas desarrolladas durante el conflicto ucraniano, incluido el uso de drones.<\/p>\n<p style=\"text-align: justify;\">Una fuente de inteligencia militar afirm\u00f3 a Kyiv Post que se atribuy\u00f3 al grupo Khimik el ataque contra una base militar rusa en la periferia sudoriental de Alepo el 15 de septiembre.<\/p>\n<p><span style=\"color: #800000;\"><strong>fm\/ws<\/strong><\/span><\/p>\n","protected":false},"excerpt":{"rendered":"<p>Precis\u00f3 que el equipo de formaci\u00f3n se centr\u00f3 en las t\u00e1cticas desarrolladas durante el conflicto ucraniano, incluido el uso de drones. Damasco, 2 dic (SANA)\u00a0 \u00a0Algunos grupos terroristas que atacaron en los \u00faltimos d\u00edas la provincia siria de Alepo recibieron entrenamiento de una unidad de las Fuerzas Especiales del servicio de inteligencia militar ucraniano, afirm\u00f3 &hellip;<\/p>\n","protected":false},"author":35,"featured_media":344207,"comment_status":"closed","ping_status":"closed","sticky":false,"template":"","format":"standard","meta":{"footnotes":""},"categories":[477,447,597,456,16687,20724,7541],"tags":[],"class_list":["post-344206","post","type-post","status-publish","format-standard","has-post-thumbnail","","category-noticias-edulcorantes","category-local-politica","category-cinta-de-noticias","category-arabe-internacional-politica","category-internacionales","category-minuto-a-minuto","category-ultimas-noticias"],"_links":{"self":[{"href":"https:\/\/archive.sana.sy\/es\/index.php?rest_route=\/wp\/v2\/posts\/344206"}],"collection":[{"href":"https:\/\/archive.sana.sy\/es\/index.php?rest_route=\/wp\/v2\/posts"}],"about":[{"href":"https:\/\/archive.sana.sy\/es\/index.php?rest_route=\/wp\/v2\/types\/post"}],"author":[{"embeddable":true,"href":"https:\/\/archive.sana.sy\/es\/index.php?rest_route=\/wp\/v2\/users\/35"}],"replies":[{"embeddable":true,"href":"https:\/\/archive.sana.sy\/es\/index.php?rest_route=%2Fwp%2Fv2%2Fcomments&post=344206"}],"version-history":[{"count":1,"href":"https:\/\/archive.sana.sy\/es\/index.php?rest_route=\/wp\/v2\/posts\/344206\/revisions"}],"predecessor-version":[{"id":344208,"href":"https:\/\/archive.sana.sy\/es\/index.php?rest_route=\/wp\/v2\/posts\/344206\/revisions\/344208"}],"wp:featuredmedia":[{"embeddable":true,"href":"https:\/\/archive.sana.sy\/es\/index.php?rest_route=\/wp\/v2\/media\/344207"}],"wp:attachment":[{"href":"https:\/\/archive.sana.sy\/es\/index.php?rest_route=%2Fwp%2Fv2%2Fmedia&parent=344206"}],"wp:term":[{"taxonomy":"category","embeddable":true,"href":"https:\/\/archive.sana.sy\/es\/index.php?rest_route=%2Fwp%2Fv2%2Fcategories&post=344206"},{"taxonomy":"post_tag","embeddable":true,"href":"https:\/\/archive.sana.sy\/es\/index.php?rest_route=%2Fwp%2Fv2%2Ftags&post=344206"}],"curies":[{"name":"wp","href":"https:\/\/api.w.org\/{rel}","templated":true}]}}