{"id":344209,"date":"2024-12-02T14:23:13","date_gmt":"2024-12-02T11:23:13","guid":{"rendered":"https:\/\/sana.sy\/es\/?p=344209"},"modified":"2024-12-03T17:23:47","modified_gmt":"2024-12-03T14:23:47","slug":"presidentes-de-siria-e-iran-analizan-situacion-en-siria-y-reafirman-cooperacion-en-la-lucha-antiterrorista","status":"publish","type":"post","link":"https:\/\/archive.sana.sy\/es\/?p=344209","title":{"rendered":"Presidentes de Siria e Ir\u00e1n analizan situaci\u00f3n en Siria y reafirman cooperaci\u00f3n en la lucha antiterrorista"},"content":{"rendered":"<blockquote>\n<p style=\"text-align: justify;\"><strong><span style=\"color: #800000;\">Esta escalada s\u00f3lo aumentar\u00e1 la determinaci\u00f3n de Siria y su ej\u00e9rcito de erradicar las ra\u00edces del terrorismo en todo el territorio sirio, dijo el mandatario sirio.<\/span><\/strong><\/p>\n<\/blockquote>\n<p style=\"text-align: justify;\"><span style=\"color: #800000;\"><strong>Damasco, 2 dic (SANA)\u00a0<\/strong> <\/span>\u00a0El presidente de Siria, Bashar Al-Assad, examin\u00f3 este lunes por v\u00eda telef\u00f3nica, con su hom\u00f3logo iran\u00ed Masoud Pezeshkian, los acontecimientos actuales en el norte de Siria y las formas de cooperaci\u00f3n entre ambas naciones en el campo de la lucha contra el terrorismo.<\/p>\n<p style=\"text-align: justify;\">Al-Assad consider\u00f3 que la actual escalada terrorista refleja los objetivos encaminados a dividir la regi\u00f3n, fragmentar sus pa\u00edses y volver a trazar los mapas geogr\u00e1ficamente de acuerdo con los intereses y objetivos de Estados Unidos y Occidente.<\/p>\n<p style=\"text-align: justify;\">Esta escalada s\u00f3lo aumentar\u00e1 la determinaci\u00f3n de Siria y su ej\u00e9rcito de erradicar las ra\u00edces del terrorismo en todo el territorio sirio, dijo el mandatario.<\/p>\n<p style=\"text-align: justify;\">A su vez, el mandatario persa manifest\u00f3 el pleno rechazo de Ir\u00e1n a todos los intentos de socavar la unidad y estabilidad de Siria, y consider\u00f3 que da\u00f1ar la unidad de Siria golpear\u00eda a toda la regi\u00f3n.<\/p>\n<p style=\"text-align: justify;\">De acuerdo a Pezeshkian, las ambiciones sionista-estadounidenses son evidentes al atacar los pa\u00edses de la regi\u00f3n, y asegur\u00f3 que lo que est\u00e1 sucediendo en Siria es parte de estas ambiciones.<\/p>\n<p style=\"text-align: justify;\">Ir\u00e1n est\u00e1 listo para cualquier cooperaci\u00f3n para enfrentar los actos terroristas en Siria y frustrar los objetivos de sus operadores y partidarios, subray\u00f3 el l\u00edder iran\u00ed.<\/p>\n<p style=\"text-align: justify;\"><span style=\"color: #800000;\"><strong>ws\/fm<\/strong><\/span><\/p>\n","protected":false},"excerpt":{"rendered":"<p>Esta escalada s\u00f3lo aumentar\u00e1 la determinaci\u00f3n de Siria y su ej\u00e9rcito de erradicar las ra\u00edces del terrorismo en todo el territorio sirio, dijo el mandatario sirio. Damasco, 2 dic (SANA)\u00a0 \u00a0El presidente de Siria, Bashar Al-Assad, examin\u00f3 este lunes por v\u00eda telef\u00f3nica, con su hom\u00f3logo iran\u00ed Masoud Pezeshkian, los acontecimientos actuales en el norte de &hellip;<\/p>\n","protected":false},"author":35,"featured_media":344210,"comment_status":"closed","ping_status":"closed","sticky":false,"template":"","format":"standard","meta":{"footnotes":""},"categories":[477,447,597,20724,476,16688,583],"tags":[],"class_list":["post-344209","post","type-post","status-publish","format-standard","has-post-thumbnail","","category-noticias-edulcorantes","category-local-politica","category-cinta-de-noticias","category-minuto-a-minuto","category-locales","category-nacionales","category-slide"],"_links":{"self":[{"href":"https:\/\/archive.sana.sy\/es\/index.php?rest_route=\/wp\/v2\/posts\/344209"}],"collection":[{"href":"https:\/\/archive.sana.sy\/es\/index.php?rest_route=\/wp\/v2\/posts"}],"about":[{"href":"https:\/\/archive.sana.sy\/es\/index.php?rest_route=\/wp\/v2\/types\/post"}],"author":[{"embeddable":true,"href":"https:\/\/archive.sana.sy\/es\/index.php?rest_route=\/wp\/v2\/users\/35"}],"replies":[{"embeddable":true,"href":"https:\/\/archive.sana.sy\/es\/index.php?rest_route=%2Fwp%2Fv2%2Fcomments&post=344209"}],"version-history":[{"count":5,"href":"https:\/\/archive.sana.sy\/es\/index.php?rest_route=\/wp\/v2\/posts\/344209\/revisions"}],"predecessor-version":[{"id":344297,"href":"https:\/\/archive.sana.sy\/es\/index.php?rest_route=\/wp\/v2\/posts\/344209\/revisions\/344297"}],"wp:featuredmedia":[{"embeddable":true,"href":"https:\/\/archive.sana.sy\/es\/index.php?rest_route=\/wp\/v2\/media\/344210"}],"wp:attachment":[{"href":"https:\/\/archive.sana.sy\/es\/index.php?rest_route=%2Fwp%2Fv2%2Fmedia&parent=344209"}],"wp:term":[{"taxonomy":"category","embeddable":true,"href":"https:\/\/archive.sana.sy\/es\/index.php?rest_route=%2Fwp%2Fv2%2Fcategories&post=344209"},{"taxonomy":"post_tag","embeddable":true,"href":"https:\/\/archive.sana.sy\/es\/index.php?rest_route=%2Fwp%2Fv2%2Ftags&post=344209"}],"curies":[{"name":"wp","href":"https:\/\/api.w.org\/{rel}","templated":true}]}}