{"id":344214,"date":"2024-12-02T14:40:05","date_gmt":"2024-12-02T11:40:05","guid":{"rendered":"https:\/\/sana.sy\/es\/?p=344214"},"modified":"2024-12-02T14:40:35","modified_gmt":"2024-12-02T11:40:35","slug":"iran-afirma-que-presencia-de-ee-uu-en-siria-fortalece-a-los-terroristas","status":"publish","type":"post","link":"https:\/\/archive.sana.sy\/es\/?p=344214","title":{"rendered":"Ir\u00e1n afirma que presencia de EE.UU en Siria fortalece a los terroristas"},"content":{"rendered":"<p style=\"text-align: justify;\"><span style=\"color: #800000;\"><strong>Teher\u00e1n, 2 dic (SANA)<\/strong><\/span>\u00a0 \u00a0El Ministerio de Asuntos Exteriores iran\u00ed consider\u00f3 hoy que la presencia ilegal militar de las fuerzas de ocupaci\u00f3n estadounidenses en Siria es la raz\u00f3n principal de la continua presencia de terroristas en este pa\u00eds .<\/p>\n<p style=\"text-align: justify;\">El portavoz de la canciller\u00eda de Ir\u00e1n, Esmaeil Baqaei Hamane, dijo que el despliegue de los militares de EE.UU en Siria es una violaci\u00f3n de los principios y normas del Derecho Internacional, y por lo tanto refuerza la presencia de los extremistas en este territorio.<\/p>\n<p style=\"text-align: justify;\">Se\u00f1al\u00f3 que durante la visita del canciller iran\u00ed, Abbas Araghchi, a Siria, expres\u00f3 el apoyo total de Ir\u00e1n a Siria en su guerra contra los terroristas.<\/p>\n<p style=\"text-align: justify;\"><strong><span style=\"color: #800000;\">ws\/fm<\/span><\/strong><\/p>\n","protected":false},"excerpt":{"rendered":"<p>Teher\u00e1n, 2 dic (SANA)\u00a0 \u00a0El Ministerio de Asuntos Exteriores iran\u00ed consider\u00f3 hoy que la presencia ilegal militar de las fuerzas de ocupaci\u00f3n estadounidenses en Siria es la raz\u00f3n principal de la continua presencia de terroristas en este pa\u00eds . El portavoz de la canciller\u00eda de Ir\u00e1n, Esmaeil Baqaei Hamane, dijo que el despliegue de los &hellip;<\/p>\n","protected":false},"author":35,"featured_media":344215,"comment_status":"closed","ping_status":"closed","sticky":false,"template":"","format":"standard","meta":{"footnotes":""},"categories":[597,456,16687,20724,7541],"tags":[],"class_list":["post-344214","post","type-post","status-publish","format-standard","has-post-thumbnail","","category-cinta-de-noticias","category-arabe-internacional-politica","category-internacionales","category-minuto-a-minuto","category-ultimas-noticias"],"_links":{"self":[{"href":"https:\/\/archive.sana.sy\/es\/index.php?rest_route=\/wp\/v2\/posts\/344214"}],"collection":[{"href":"https:\/\/archive.sana.sy\/es\/index.php?rest_route=\/wp\/v2\/posts"}],"about":[{"href":"https:\/\/archive.sana.sy\/es\/index.php?rest_route=\/wp\/v2\/types\/post"}],"author":[{"embeddable":true,"href":"https:\/\/archive.sana.sy\/es\/index.php?rest_route=\/wp\/v2\/users\/35"}],"replies":[{"embeddable":true,"href":"https:\/\/archive.sana.sy\/es\/index.php?rest_route=%2Fwp%2Fv2%2Fcomments&post=344214"}],"version-history":[{"count":2,"href":"https:\/\/archive.sana.sy\/es\/index.php?rest_route=\/wp\/v2\/posts\/344214\/revisions"}],"predecessor-version":[{"id":344217,"href":"https:\/\/archive.sana.sy\/es\/index.php?rest_route=\/wp\/v2\/posts\/344214\/revisions\/344217"}],"wp:featuredmedia":[{"embeddable":true,"href":"https:\/\/archive.sana.sy\/es\/index.php?rest_route=\/wp\/v2\/media\/344215"}],"wp:attachment":[{"href":"https:\/\/archive.sana.sy\/es\/index.php?rest_route=%2Fwp%2Fv2%2Fmedia&parent=344214"}],"wp:term":[{"taxonomy":"category","embeddable":true,"href":"https:\/\/archive.sana.sy\/es\/index.php?rest_route=%2Fwp%2Fv2%2Fcategories&post=344214"},{"taxonomy":"post_tag","embeddable":true,"href":"https:\/\/archive.sana.sy\/es\/index.php?rest_route=%2Fwp%2Fv2%2Ftags&post=344214"}],"curies":[{"name":"wp","href":"https:\/\/api.w.org\/{rel}","templated":true}]}}