{"id":344218,"date":"2024-12-02T16:24:27","date_gmt":"2024-12-02T13:24:27","guid":{"rendered":"https:\/\/sana.sy\/es\/?p=344218"},"modified":"2024-12-02T16:35:33","modified_gmt":"2024-12-02T13:35:33","slug":"a-peticion-de-siria-el-consejo-de-seguridad-de-la-onu-se-reune-manana-para-debatir-el-ataque-terrorista-contra-alepo","status":"publish","type":"post","link":"https:\/\/archive.sana.sy\/es\/?p=344218","title":{"rendered":"A petici\u00f3n de Siria, el Consejo de Seguridad de la ONU se re\u00fane ma\u00f1ana para debatir el ataque terrorista contra Alepo"},"content":{"rendered":"<p style=\"text-align: justify;\"><span style=\"color: #800000;\"><strong>Nueva York, 02 dic (SANA)\u00a0<\/strong> <\/span>A petici\u00f3n de Siria, el Consejo de Seguridad de la ONU celebrar\u00e1 ma\u00f1ana, una sesi\u00f3n de emergencia para discutir el ataque terrorista contra la provincia siria Alepo y sus alrededores.<\/p>\n<p style=\"text-align: justify;\">\u201cSolicitamos una sesi\u00f3n de emergencia y urgencia del Consejo de Seguridad que se celebrar\u00e1 el martes para debatir el ataque terrorista en el norte de Siria y la situaci\u00f3n en Alepo , y nuestra solicitud fue apoyada por las delegaciones de Argelia, el miembro \u00e1rabe del Consejo, adem\u00f1as de Rusia, China, Guyana, Mozambique y Sierra Leona\u201d, dijo en\u00a0 una declaraci\u00f3n a SANA el representante permanente de Siria ante las Naciones Unidas, el embajador Qusay al-Dahhak.<\/p>\n<p style=\"text-align: justify;\">El delegado sirio explic\u00f3 que la sesi\u00f3n se efectuar\u00e1 ma\u00f1ana a las 15.00h, hora de Nueva York, y a las 23.00h, hora de Damasco.<\/p>\n<p style=\"text-align: justify;\">sm<\/p>\n","protected":false},"excerpt":{"rendered":"<p>Nueva York, 02 dic (SANA)\u00a0 A petici\u00f3n de Siria, el Consejo de Seguridad de la ONU celebrar\u00e1 ma\u00f1ana, una sesi\u00f3n de emergencia para discutir el ataque terrorista contra la provincia siria Alepo y sus alrededores. \u201cSolicitamos una sesi\u00f3n de emergencia y urgencia del Consejo de Seguridad que se celebrar\u00e1 el martes para debatir el ataque &hellip;<\/p>\n","protected":false},"author":39,"featured_media":344219,"comment_status":"closed","ping_status":"closed","sticky":false,"template":"","format":"standard","meta":{"footnotes":""},"categories":[597,20724,467,7541],"tags":[],"class_list":["post-344218","post","type-post","status-publish","format-standard","has-post-thumbnail","","category-cinta-de-noticias","category-minuto-a-minuto","category-siria-y-el-mundo","category-ultimas-noticias"],"_links":{"self":[{"href":"https:\/\/archive.sana.sy\/es\/index.php?rest_route=\/wp\/v2\/posts\/344218"}],"collection":[{"href":"https:\/\/archive.sana.sy\/es\/index.php?rest_route=\/wp\/v2\/posts"}],"about":[{"href":"https:\/\/archive.sana.sy\/es\/index.php?rest_route=\/wp\/v2\/types\/post"}],"author":[{"embeddable":true,"href":"https:\/\/archive.sana.sy\/es\/index.php?rest_route=\/wp\/v2\/users\/39"}],"replies":[{"embeddable":true,"href":"https:\/\/archive.sana.sy\/es\/index.php?rest_route=%2Fwp%2Fv2%2Fcomments&post=344218"}],"version-history":[{"count":3,"href":"https:\/\/archive.sana.sy\/es\/index.php?rest_route=\/wp\/v2\/posts\/344218\/revisions"}],"predecessor-version":[{"id":344222,"href":"https:\/\/archive.sana.sy\/es\/index.php?rest_route=\/wp\/v2\/posts\/344218\/revisions\/344222"}],"wp:featuredmedia":[{"embeddable":true,"href":"https:\/\/archive.sana.sy\/es\/index.php?rest_route=\/wp\/v2\/media\/344219"}],"wp:attachment":[{"href":"https:\/\/archive.sana.sy\/es\/index.php?rest_route=%2Fwp%2Fv2%2Fmedia&parent=344218"}],"wp:term":[{"taxonomy":"category","embeddable":true,"href":"https:\/\/archive.sana.sy\/es\/index.php?rest_route=%2Fwp%2Fv2%2Fcategories&post=344218"},{"taxonomy":"post_tag","embeddable":true,"href":"https:\/\/archive.sana.sy\/es\/index.php?rest_route=%2Fwp%2Fv2%2Ftags&post=344218"}],"curies":[{"name":"wp","href":"https:\/\/api.w.org\/{rel}","templated":true}]}}