{"id":344227,"date":"2024-12-02T11:14:01","date_gmt":"2024-12-02T08:14:01","guid":{"rendered":"https:\/\/sana.sy\/es\/?p=344227"},"modified":"2024-12-02T19:13:49","modified_gmt":"2024-12-02T16:13:49","slug":"desde-el-inicio-de-su-guerra-de-genocidio-contra-gaza-israel-asesina-a-44-466-palestinos","status":"publish","type":"post","link":"https:\/\/archive.sana.sy\/es\/?p=344227","title":{"rendered":"Desde el inicio de su guerra de genocidio contra Gaza, \u201cIsrael\u201d asesina a 44.466 palestinos\u00a0"},"content":{"rendered":"<p style=\"text-align: justify;\"><span style=\"color: #800000;\"><strong>Jerusal\u00e9n ocupada, 02 dic (SANA)<\/strong><\/span> El Ministerio de Salud palestino anunci\u00f3 hoy que el ocupante israel\u00ed cometi\u00f3 4 masacres en la Franja de Gaza durante las \u00faltimas 24 horas, dejando al menos muertas a 37 personas y heridas a otras 108.<\/p>\n<p style=\"text-align: justify;\">\u201cEl n\u00famero de v\u00edctimas durante 423 d\u00edas de la brutal agresi\u00f3n israel\u00ed contra la Franja de Gaza aument\u00f3 a 44.466 murtos y 105.358 heridos, mientras numerosas v\u00edctimas todav\u00eda se encuentran bajo los escombros y en las carreteras, y los equipos de emergencia y defensa civil no pueden llegar hasta ellos\u201d, declar\u00f3 el ministerio hoy en un comunicado.<\/p>\n<p style=\"text-align: justify;\">En v\u00edsperas, 18 palestinos perdieron la vida y otros resultaron heridos debido a bombardeos de las tropas sionistas a varias localidades de la Franja de Gaza.<\/p>\n<p>ahs\/sm<\/p>\n","protected":false},"excerpt":{"rendered":"<p>Jerusal\u00e9n ocupada, 02 dic (SANA) El Ministerio de Salud palestino anunci\u00f3 hoy que el ocupante israel\u00ed cometi\u00f3 4 masacres en la Franja de Gaza durante las \u00faltimas 24 horas, dejando al menos muertas a 37 personas y heridas a otras 108. \u201cEl n\u00famero de v\u00edctimas durante 423 d\u00edas de la brutal agresi\u00f3n israel\u00ed contra la &hellip;<\/p>\n","protected":false},"author":43,"featured_media":344228,"comment_status":"closed","ping_status":"closed","sticky":false,"template":"","format":"standard","meta":{"footnotes":""},"categories":[597,456,20724,583],"tags":[],"class_list":["post-344227","post","type-post","status-publish","format-standard","has-post-thumbnail","","category-cinta-de-noticias","category-arabe-internacional-politica","category-minuto-a-minuto","category-slide"],"_links":{"self":[{"href":"https:\/\/archive.sana.sy\/es\/index.php?rest_route=\/wp\/v2\/posts\/344227"}],"collection":[{"href":"https:\/\/archive.sana.sy\/es\/index.php?rest_route=\/wp\/v2\/posts"}],"about":[{"href":"https:\/\/archive.sana.sy\/es\/index.php?rest_route=\/wp\/v2\/types\/post"}],"author":[{"embeddable":true,"href":"https:\/\/archive.sana.sy\/es\/index.php?rest_route=\/wp\/v2\/users\/43"}],"replies":[{"embeddable":true,"href":"https:\/\/archive.sana.sy\/es\/index.php?rest_route=%2Fwp%2Fv2%2Fcomments&post=344227"}],"version-history":[{"count":1,"href":"https:\/\/archive.sana.sy\/es\/index.php?rest_route=\/wp\/v2\/posts\/344227\/revisions"}],"predecessor-version":[{"id":344229,"href":"https:\/\/archive.sana.sy\/es\/index.php?rest_route=\/wp\/v2\/posts\/344227\/revisions\/344229"}],"wp:featuredmedia":[{"embeddable":true,"href":"https:\/\/archive.sana.sy\/es\/index.php?rest_route=\/wp\/v2\/media\/344228"}],"wp:attachment":[{"href":"https:\/\/archive.sana.sy\/es\/index.php?rest_route=%2Fwp%2Fv2%2Fmedia&parent=344227"}],"wp:term":[{"taxonomy":"category","embeddable":true,"href":"https:\/\/archive.sana.sy\/es\/index.php?rest_route=%2Fwp%2Fv2%2Fcategories&post=344227"},{"taxonomy":"post_tag","embeddable":true,"href":"https:\/\/archive.sana.sy\/es\/index.php?rest_route=%2Fwp%2Fv2%2Ftags&post=344227"}],"curies":[{"name":"wp","href":"https:\/\/api.w.org\/{rel}","templated":true}]}}