{"id":344230,"date":"2024-12-02T18:32:53","date_gmt":"2024-12-02T15:32:53","guid":{"rendered":"https:\/\/sana.sy\/es\/?p=344230"},"modified":"2024-12-02T18:33:03","modified_gmt":"2024-12-02T15:33:03","slug":"presidentes-de-rusia-e-iran-afirman-su-apoyo-incondicional-a-las-medidas-adoptadas-por-siria-para-restablecer-la-seguridad","status":"publish","type":"post","link":"https:\/\/archive.sana.sy\/es\/?p=344230","title":{"rendered":"Presidentes de Rusia e Ir\u00e1n afirman su apoyo incondicional a las medidas adoptadas por Siria para restablecer la seguridad"},"content":{"rendered":"<p style=\"text-align: justify;\"><span style=\"color: #800000;\"><strong>Mosc\u00fa, 02 dic (SANA)<\/strong><\/span>\u00a0 El presidente ruso, Vlad\u00edmir Putin, y su hom\u00f3logo iran\u00ed, Masoud Pezeshkian, afirmaron durante una llamada telef\u00f3nica su apoyo incondicional a las medidas adoptadas por Siria para restablecer la seguridad.<\/p>\n<p style=\"text-align: justify;\">La presidencia rusa declar\u00f3 que la conversaci\u00f3n telef\u00f3nica se centr\u00f3 principalmente en el deterioro de la situaci\u00f3n en Siria, asimismo se consider\u00f3 que la agresi\u00f3n a gran escala llevada a cabo por agrupaciones terroristas pretende socavar la soberan\u00eda del Estado sirio y su estabilidad pol\u00edtica y socioecon\u00f3mica.<\/p>\n<p style=\"text-align: justify;\">Adem\u00e1s, se manifest\u00f3 el apoyo incondicional a las medidas tomadas por las autoridades sirias para restablecer el orden y la seguridad en el pa\u00eds, y se enfatiz\u00f3 la importancia de coordinar esfuerzos dentro de la f\u00f3rmula de Astana con la participaci\u00f3n de T\u00fcrkiye.<\/p>\n<p style=\"text-align: justify;\">sm<\/p>\n","protected":false},"excerpt":{"rendered":"<p>Mosc\u00fa, 02 dic (SANA)\u00a0 El presidente ruso, Vlad\u00edmir Putin, y su hom\u00f3logo iran\u00ed, Masoud Pezeshkian, afirmaron durante una llamada telef\u00f3nica su apoyo incondicional a las medidas adoptadas por Siria para restablecer la seguridad. La presidencia rusa declar\u00f3 que la conversaci\u00f3n telef\u00f3nica se centr\u00f3 principalmente en el deterioro de la situaci\u00f3n en Siria, asimismo se consider\u00f3 &hellip;<\/p>\n","protected":false},"author":39,"featured_media":344231,"comment_status":"closed","ping_status":"closed","sticky":false,"template":"","format":"standard","meta":{"footnotes":""},"categories":[597,456,20724,467,7541],"tags":[],"class_list":["post-344230","post","type-post","status-publish","format-standard","has-post-thumbnail","","category-cinta-de-noticias","category-arabe-internacional-politica","category-minuto-a-minuto","category-siria-y-el-mundo","category-ultimas-noticias"],"_links":{"self":[{"href":"https:\/\/archive.sana.sy\/es\/index.php?rest_route=\/wp\/v2\/posts\/344230"}],"collection":[{"href":"https:\/\/archive.sana.sy\/es\/index.php?rest_route=\/wp\/v2\/posts"}],"about":[{"href":"https:\/\/archive.sana.sy\/es\/index.php?rest_route=\/wp\/v2\/types\/post"}],"author":[{"embeddable":true,"href":"https:\/\/archive.sana.sy\/es\/index.php?rest_route=\/wp\/v2\/users\/39"}],"replies":[{"embeddable":true,"href":"https:\/\/archive.sana.sy\/es\/index.php?rest_route=%2Fwp%2Fv2%2Fcomments&post=344230"}],"version-history":[{"count":1,"href":"https:\/\/archive.sana.sy\/es\/index.php?rest_route=\/wp\/v2\/posts\/344230\/revisions"}],"predecessor-version":[{"id":344233,"href":"https:\/\/archive.sana.sy\/es\/index.php?rest_route=\/wp\/v2\/posts\/344230\/revisions\/344233"}],"wp:featuredmedia":[{"embeddable":true,"href":"https:\/\/archive.sana.sy\/es\/index.php?rest_route=\/wp\/v2\/media\/344231"}],"wp:attachment":[{"href":"https:\/\/archive.sana.sy\/es\/index.php?rest_route=%2Fwp%2Fv2%2Fmedia&parent=344230"}],"wp:term":[{"taxonomy":"category","embeddable":true,"href":"https:\/\/archive.sana.sy\/es\/index.php?rest_route=%2Fwp%2Fv2%2Fcategories&post=344230"},{"taxonomy":"post_tag","embeddable":true,"href":"https:\/\/archive.sana.sy\/es\/index.php?rest_route=%2Fwp%2Fv2%2Ftags&post=344230"}],"curies":[{"name":"wp","href":"https:\/\/api.w.org\/{rel}","templated":true}]}}