{"id":344232,"date":"2024-12-02T18:38:12","date_gmt":"2024-12-02T15:38:12","guid":{"rendered":"https:\/\/sana.sy\/es\/?p=344232"},"modified":"2024-12-02T18:38:12","modified_gmt":"2024-12-02T15:38:12","slug":"muere-un-libanes-en-ataque-aereo-israeli-contra-el-sur-del-libano","status":"publish","type":"post","link":"https:\/\/archive.sana.sy\/es\/?p=344232","title":{"rendered":"Muere un liban\u00e9s en ataque a\u00e9reo israel\u00ed contra el sur del L\u00edbano"},"content":{"rendered":"<p style=\"text-align: justify;\"><span style=\"color: #800000;\"><strong>Beirut, 02 dic (SANA)<\/strong><\/span> Un liban\u00e9s perdi\u00f3 la vida hoy como resultado de un ataque israel\u00ed contra la localidad de Jdeidet Marjayoun, en el sur del L\u00edbano.<\/p>\n<p style=\"text-align: justify;\">La agencia de noticias libanesa inform\u00f3 que un dron israel\u00ed atac\u00f3 con dos misiles una motocicleta en la referida localidad, lo que provoc\u00f3 la muerte de una persona.<\/p>\n<p style=\"text-align: justify;\">Por su parte, el ej\u00e9rcito liban\u00e9s anunci\u00f3 que se hab\u00eda encontrado el cad\u00e1ver de uno de sus oficiales en la zona de Naqoura dentro de su coche tras perder la vida a consecuencia de un bombardeo israel\u00ed que fue perpetrado el d\u00eda 26 del pasado mes de noviembre.<\/p>\n<p style=\"text-align: justify;\">ahs\/sm<\/p>\n","protected":false},"excerpt":{"rendered":"<p>Beirut, 02 dic (SANA) Un liban\u00e9s perdi\u00f3 la vida hoy como resultado de un ataque israel\u00ed contra la localidad de Jdeidet Marjayoun, en el sur del L\u00edbano. La agencia de noticias libanesa inform\u00f3 que un dron israel\u00ed atac\u00f3 con dos misiles una motocicleta en la referida localidad, lo que provoc\u00f3 la muerte de una persona. &hellip;<\/p>\n","protected":false},"author":43,"featured_media":344234,"comment_status":"closed","ping_status":"closed","sticky":false,"template":"","format":"standard","meta":{"footnotes":""},"categories":[597,456,16687,20724,7541],"tags":[],"class_list":["post-344232","post","type-post","status-publish","format-standard","has-post-thumbnail","","category-cinta-de-noticias","category-arabe-internacional-politica","category-internacionales","category-minuto-a-minuto","category-ultimas-noticias"],"_links":{"self":[{"href":"https:\/\/archive.sana.sy\/es\/index.php?rest_route=\/wp\/v2\/posts\/344232"}],"collection":[{"href":"https:\/\/archive.sana.sy\/es\/index.php?rest_route=\/wp\/v2\/posts"}],"about":[{"href":"https:\/\/archive.sana.sy\/es\/index.php?rest_route=\/wp\/v2\/types\/post"}],"author":[{"embeddable":true,"href":"https:\/\/archive.sana.sy\/es\/index.php?rest_route=\/wp\/v2\/users\/43"}],"replies":[{"embeddable":true,"href":"https:\/\/archive.sana.sy\/es\/index.php?rest_route=%2Fwp%2Fv2%2Fcomments&post=344232"}],"version-history":[{"count":1,"href":"https:\/\/archive.sana.sy\/es\/index.php?rest_route=\/wp\/v2\/posts\/344232\/revisions"}],"predecessor-version":[{"id":344235,"href":"https:\/\/archive.sana.sy\/es\/index.php?rest_route=\/wp\/v2\/posts\/344232\/revisions\/344235"}],"wp:featuredmedia":[{"embeddable":true,"href":"https:\/\/archive.sana.sy\/es\/index.php?rest_route=\/wp\/v2\/media\/344234"}],"wp:attachment":[{"href":"https:\/\/archive.sana.sy\/es\/index.php?rest_route=%2Fwp%2Fv2%2Fmedia&parent=344232"}],"wp:term":[{"taxonomy":"category","embeddable":true,"href":"https:\/\/archive.sana.sy\/es\/index.php?rest_route=%2Fwp%2Fv2%2Fcategories&post=344232"},{"taxonomy":"post_tag","embeddable":true,"href":"https:\/\/archive.sana.sy\/es\/index.php?rest_route=%2Fwp%2Fv2%2Ftags&post=344232"}],"curies":[{"name":"wp","href":"https:\/\/api.w.org\/{rel}","templated":true}]}}