{"id":344236,"date":"2024-12-02T19:04:02","date_gmt":"2024-12-02T16:04:02","guid":{"rendered":"https:\/\/sana.sy\/es\/?p=344236"},"modified":"2024-12-02T19:04:02","modified_gmt":"2024-12-02T16:04:02","slug":"nicaragua-rechaza-ataques-terroristas-contra-la-paz-y-la-estabilidad-de-siria","status":"publish","type":"post","link":"https:\/\/archive.sana.sy\/es\/?p=344236","title":{"rendered":"Nicaragua rechaza ataques terroristas contra la paz y la estabilidad de Siria"},"content":{"rendered":"<p style=\"text-align: justify;\"><span style=\"color: #800000;\"><strong>Managua, 2 dic (SANA)<\/strong><\/span>\u00a0 El Gobierno de Nicaragua conden\u00f3 y rechaz\u00f3 el recrudecimiento de los ataques terroristas contra Siria, tras la ofensiva iniciada el mi\u00e9rcoles pasado contra localidades civiles y posiciones militares por Hayat Tahrir al Sham (antiguo Frente Al Nusra) y grupos radicales aliados, con saldo de centenares de v\u00edctimas y considerables da\u00f1os materiales.<\/p>\n<p style=\"text-align: justify;\">En un comunicado, la Canciller\u00eda de la naci\u00f3n centroamericana dej\u00f3 claro que esta grave situaci\u00f3n es \u00abgenerada por el terrorismo internacional\u00bb.<\/p>\n<p style=\"text-align: justify;\">Manifest\u00f3 que estas acciones \u00abvuelven a poner en riesgo a tantos, que han sufrido, y sufren, los brutales atropellos de conocidas organizaciones terroristas\u00bb.<\/p>\n<p style=\"text-align: justify;\">El texto prosigue: \u00abEstamos seguros de que la raz\u00f3n prevalecer\u00e1 y el pueblo combativo de la hermana Rep\u00fablica \u00c1rabe Siria sabr\u00e1 trascender estos peligrosos momentos, luchando con Valent\u00eda, como lo han sabido hacer, para derrotar completamente los maquiav\u00e9licos intentos de dominar, desde la crueldad terrorista, el conocido coraje de esos pueblos\u00bb.<\/p>\n<p style=\"text-align: justify;\">\u00ab\u00a1No a la destrucci\u00f3n, la zozobra y las rupturas culturales que caracterizan al terrorismo internacional!\u00bb, inst\u00f3 el comunicado, que finaliz\u00f3 haciendo una convocatoria a que \u00abla paz sea y la inteligencia se imponga\u00bb.<\/p>\n<p style=\"text-align: justify;\">fm\/ahs<\/p>\n","protected":false},"excerpt":{"rendered":"<p>Managua, 2 dic (SANA)\u00a0 El Gobierno de Nicaragua conden\u00f3 y rechaz\u00f3 el recrudecimiento de los ataques terroristas contra Siria, tras la ofensiva iniciada el mi\u00e9rcoles pasado contra localidades civiles y posiciones militares por Hayat Tahrir al Sham (antiguo Frente Al Nusra) y grupos radicales aliados, con saldo de centenares de v\u00edctimas y considerables da\u00f1os materiales. &hellip;<\/p>\n","protected":false},"author":43,"featured_media":344237,"comment_status":"closed","ping_status":"closed","sticky":false,"template":"","format":"standard","meta":{"footnotes":""},"categories":[597,456,16687,20724,7541],"tags":[],"class_list":["post-344236","post","type-post","status-publish","format-standard","has-post-thumbnail","","category-cinta-de-noticias","category-arabe-internacional-politica","category-internacionales","category-minuto-a-minuto","category-ultimas-noticias"],"_links":{"self":[{"href":"https:\/\/archive.sana.sy\/es\/index.php?rest_route=\/wp\/v2\/posts\/344236"}],"collection":[{"href":"https:\/\/archive.sana.sy\/es\/index.php?rest_route=\/wp\/v2\/posts"}],"about":[{"href":"https:\/\/archive.sana.sy\/es\/index.php?rest_route=\/wp\/v2\/types\/post"}],"author":[{"embeddable":true,"href":"https:\/\/archive.sana.sy\/es\/index.php?rest_route=\/wp\/v2\/users\/43"}],"replies":[{"embeddable":true,"href":"https:\/\/archive.sana.sy\/es\/index.php?rest_route=%2Fwp%2Fv2%2Fcomments&post=344236"}],"version-history":[{"count":1,"href":"https:\/\/archive.sana.sy\/es\/index.php?rest_route=\/wp\/v2\/posts\/344236\/revisions"}],"predecessor-version":[{"id":344238,"href":"https:\/\/archive.sana.sy\/es\/index.php?rest_route=\/wp\/v2\/posts\/344236\/revisions\/344238"}],"wp:featuredmedia":[{"embeddable":true,"href":"https:\/\/archive.sana.sy\/es\/index.php?rest_route=\/wp\/v2\/media\/344237"}],"wp:attachment":[{"href":"https:\/\/archive.sana.sy\/es\/index.php?rest_route=%2Fwp%2Fv2%2Fmedia&parent=344236"}],"wp:term":[{"taxonomy":"category","embeddable":true,"href":"https:\/\/archive.sana.sy\/es\/index.php?rest_route=%2Fwp%2Fv2%2Fcategories&post=344236"},{"taxonomy":"post_tag","embeddable":true,"href":"https:\/\/archive.sana.sy\/es\/index.php?rest_route=%2Fwp%2Fv2%2Ftags&post=344236"}],"curies":[{"name":"wp","href":"https:\/\/api.w.org\/{rel}","templated":true}]}}