{"id":344239,"date":"2024-12-02T20:02:45","date_gmt":"2024-12-02T17:02:45","guid":{"rendered":"https:\/\/sana.sy\/es\/?p=344239"},"modified":"2024-12-02T20:02:45","modified_gmt":"2024-12-02T17:02:45","slug":"los-paises-del-alba-condenan-ataque-terrorista-contra-alepo-y-llaman-a-respetar-independencia-de-siria-su-soberania-e-integridad-territorial","status":"publish","type":"post","link":"https:\/\/archive.sana.sy\/es\/?p=344239","title":{"rendered":"Los pa\u00edses del ALBA condenan ataque terrorista contra Alepo y llaman a respetar independencia de Siria, su soberan\u00eda e integridad territorial"},"content":{"rendered":"<p style=\"text-align: justify;\"><span style=\"color: #800000;\"><strong>Caracas, 02 dic (SANA)<\/strong> <\/span>Los pa\u00edses miembros de la Alianza Bolivariana para los Pueblos de las Am\u00e9ricas (ALBA) reiteraron su confianza en la capacidad del pueblo y gobierno sirios para superar la actual fase de la nueva agresi\u00f3n imperialista contra Siria.<\/p>\n<p style=\"text-align: justify;\">Los pa\u00edses de la referida coalici\u00f3n, por medio de una declaraci\u00f3n, expresaron hoy su solidaridad con el pueblo y el gobierno de Siria y su rechazo categ\u00f3rico al ataque terrorista contra Alepo y sus alrededores.<\/p>\n<p style=\"text-align: justify;\">Asimismo llamaron a la comunidad internacional a expresarse de manera firme, inequ\u00edvoca y sin vacilaciones a condenar estos actos criminales que buscan dividir y destruir una sociedad antigua y multicultural de un pa\u00eds que desde hace m\u00e1s de 13 a\u00f1os enfrenta una guerra apoyada por actores externos.<\/p>\n<p style=\"text-align: justify;\">Los Estados del ALBA instaron a respetar plenamente la independencia, soberan\u00eda e integridad territorial de Siria y el derecho de su pueblo a decidir su futuro y vivir en paz.<\/p>\n<p style=\"text-align: justify;\">Adem\u00e1s, exigieron adherirse estrictamente a los prop\u00f3sitos y principios de la Carta de las Naciones Unidas y el Derecho Internacional.<\/p>\n<p style=\"text-align: justify;\">sm<\/p>\n","protected":false},"excerpt":{"rendered":"<p>Caracas, 02 dic (SANA) Los pa\u00edses miembros de la Alianza Bolivariana para los Pueblos de las Am\u00e9ricas (ALBA) reiteraron su confianza en la capacidad del pueblo y gobierno sirios para superar la actual fase de la nueva agresi\u00f3n imperialista contra Siria. Los pa\u00edses de la referida coalici\u00f3n, por medio de una declaraci\u00f3n, expresaron hoy su &hellip;<\/p>\n","protected":false},"author":39,"featured_media":344240,"comment_status":"closed","ping_status":"closed","sticky":false,"template":"","format":"standard","meta":{"footnotes":""},"categories":[597,456,16687,20724,467,7541],"tags":[],"class_list":["post-344239","post","type-post","status-publish","format-standard","has-post-thumbnail","","category-cinta-de-noticias","category-arabe-internacional-politica","category-internacionales","category-minuto-a-minuto","category-siria-y-el-mundo","category-ultimas-noticias"],"_links":{"self":[{"href":"https:\/\/archive.sana.sy\/es\/index.php?rest_route=\/wp\/v2\/posts\/344239"}],"collection":[{"href":"https:\/\/archive.sana.sy\/es\/index.php?rest_route=\/wp\/v2\/posts"}],"about":[{"href":"https:\/\/archive.sana.sy\/es\/index.php?rest_route=\/wp\/v2\/types\/post"}],"author":[{"embeddable":true,"href":"https:\/\/archive.sana.sy\/es\/index.php?rest_route=\/wp\/v2\/users\/39"}],"replies":[{"embeddable":true,"href":"https:\/\/archive.sana.sy\/es\/index.php?rest_route=%2Fwp%2Fv2%2Fcomments&post=344239"}],"version-history":[{"count":1,"href":"https:\/\/archive.sana.sy\/es\/index.php?rest_route=\/wp\/v2\/posts\/344239\/revisions"}],"predecessor-version":[{"id":344241,"href":"https:\/\/archive.sana.sy\/es\/index.php?rest_route=\/wp\/v2\/posts\/344239\/revisions\/344241"}],"wp:featuredmedia":[{"embeddable":true,"href":"https:\/\/archive.sana.sy\/es\/index.php?rest_route=\/wp\/v2\/media\/344240"}],"wp:attachment":[{"href":"https:\/\/archive.sana.sy\/es\/index.php?rest_route=%2Fwp%2Fv2%2Fmedia&parent=344239"}],"wp:term":[{"taxonomy":"category","embeddable":true,"href":"https:\/\/archive.sana.sy\/es\/index.php?rest_route=%2Fwp%2Fv2%2Fcategories&post=344239"},{"taxonomy":"post_tag","embeddable":true,"href":"https:\/\/archive.sana.sy\/es\/index.php?rest_route=%2Fwp%2Fv2%2Ftags&post=344239"}],"curies":[{"name":"wp","href":"https:\/\/api.w.org\/{rel}","templated":true}]}}