{"id":344271,"date":"2024-12-03T12:56:50","date_gmt":"2024-12-03T09:56:50","guid":{"rendered":"https:\/\/sana.sy\/es\/?p=344271"},"modified":"2024-12-03T12:56:50","modified_gmt":"2024-12-03T09:56:50","slug":"agresiones-israelies-contra-libano-matan-a-mas-de-10-civiles","status":"publish","type":"post","link":"https:\/\/archive.sana.sy\/es\/?p=344271","title":{"rendered":"Agresiones israel\u00edes contra L\u00edbano matan a m\u00e1s de 10 civiles"},"content":{"rendered":"<p style=\"text-align: justify;\"><span style=\"color: #800000;\"><strong>Beirut, 3 dic (SANA)<\/strong> <\/span>El Ministerio de Salud P\u00fablica de L\u00edbano anunci\u00f3 hoy que 10 civiles murieron por nuevas agresiones israel\u00edes perpetradas pese al acuerdo de alto al fuego.<\/p>\n<p style=\"text-align: justify;\">La autoridad sanitaria inform\u00f3 que cinco personas perdieron la vida y dos resultaron lesionados por los ataques sionistas a la localidad de Haris, en el sur del pa\u00eds.<\/p>\n<p style=\"text-align: justify;\">Asimismo, cuatro ciudadanos murieron y uno result\u00f3 herido como consecuencia de una incursi\u00f3n israel\u00ed contra el poblado sure\u00f1o de Taloussa, incluido personal de socorro.<\/p>\n<p style=\"text-align: justify;\">De igual manera, un civil muri\u00f3 y otro sufri\u00f3 lesiones debido a una agresi\u00f3n enemiga con avi\u00f3n no tripulado contra una motocicleta cerca de la central el\u00e9ctrica en las afueras de Jdeidet Marjeyoun.<\/p>\n<p style=\"text-align: justify;\">De acuerdo con reportes locales, drones israel\u00edes volaron a baja altura sobre el cielo de la capital y el suburbio sur de Beirut, adem\u00e1s de romper la barrera del sonido en dos ocasiones sobre la Bekaa, al este de la naci\u00f3n.<\/p>\n<p style=\"text-align: justify;\">En el sur, los aviones de combate pertenecientes al ej\u00e9rcito de Tel Aviv atacaron las afueras de las localidades de Jbaa y Wadi Azza.<\/p>\n<p style=\"text-align: justify;\">fm\/as<\/p>\n","protected":false},"excerpt":{"rendered":"<p>Beirut, 3 dic (SANA) El Ministerio de Salud P\u00fablica de L\u00edbano anunci\u00f3 hoy que 10 civiles murieron por nuevas agresiones israel\u00edes perpetradas pese al acuerdo de alto al fuego. La autoridad sanitaria inform\u00f3 que cinco personas perdieron la vida y dos resultaron lesionados por los ataques sionistas a la localidad de Haris, en el sur &hellip;<\/p>\n","protected":false},"author":42,"featured_media":344273,"comment_status":"closed","ping_status":"closed","sticky":false,"template":"","format":"standard","meta":{"footnotes":""},"categories":[597,456,16687,20724,7541],"tags":[],"class_list":["post-344271","post","type-post","status-publish","format-standard","has-post-thumbnail","","category-cinta-de-noticias","category-arabe-internacional-politica","category-internacionales","category-minuto-a-minuto","category-ultimas-noticias"],"_links":{"self":[{"href":"https:\/\/archive.sana.sy\/es\/index.php?rest_route=\/wp\/v2\/posts\/344271"}],"collection":[{"href":"https:\/\/archive.sana.sy\/es\/index.php?rest_route=\/wp\/v2\/posts"}],"about":[{"href":"https:\/\/archive.sana.sy\/es\/index.php?rest_route=\/wp\/v2\/types\/post"}],"author":[{"embeddable":true,"href":"https:\/\/archive.sana.sy\/es\/index.php?rest_route=\/wp\/v2\/users\/42"}],"replies":[{"embeddable":true,"href":"https:\/\/archive.sana.sy\/es\/index.php?rest_route=%2Fwp%2Fv2%2Fcomments&post=344271"}],"version-history":[{"count":1,"href":"https:\/\/archive.sana.sy\/es\/index.php?rest_route=\/wp\/v2\/posts\/344271\/revisions"}],"predecessor-version":[{"id":344274,"href":"https:\/\/archive.sana.sy\/es\/index.php?rest_route=\/wp\/v2\/posts\/344271\/revisions\/344274"}],"wp:featuredmedia":[{"embeddable":true,"href":"https:\/\/archive.sana.sy\/es\/index.php?rest_route=\/wp\/v2\/media\/344273"}],"wp:attachment":[{"href":"https:\/\/archive.sana.sy\/es\/index.php?rest_route=%2Fwp%2Fv2%2Fmedia&parent=344271"}],"wp:term":[{"taxonomy":"category","embeddable":true,"href":"https:\/\/archive.sana.sy\/es\/index.php?rest_route=%2Fwp%2Fv2%2Fcategories&post=344271"},{"taxonomy":"post_tag","embeddable":true,"href":"https:\/\/archive.sana.sy\/es\/index.php?rest_route=%2Fwp%2Fv2%2Ftags&post=344271"}],"curies":[{"name":"wp","href":"https:\/\/api.w.org\/{rel}","templated":true}]}}