{"id":34428,"date":"2015-11-29T19:02:16","date_gmt":"2015-11-29T17:02:16","guid":{"rendered":"http:\/\/sana.sy\/es\/?p=34428"},"modified":"2015-12-02T16:46:20","modified_gmt":"2015-12-02T14:46:20","slug":"medico-sirio-obtiene-medalla-de-oro-por-su-nueva-invencion-en-materia-de-implantacion-de-dientes","status":"publish","type":"post","link":"https:\/\/archive.sana.sy\/es\/?p=34428","title":{"rendered":"M\u00e9dico sirio obtiene medalla de oro por su nueva invenci\u00f3n en materia de implantaci\u00f3n de dientes"},"content":{"rendered":"<p>Damasco-SANA<\/p>\n<p>El dentista cirujano sirio Mohamad Imad al-Droubi fue distinguido con la Medalla de Oro de la Exposici\u00f3n internacional de innovaciones, celebrada en Se\u00fal, Corea del Sur.<\/p>\n<p>El premio fue otorgado a Al-Droubi por haber creado un sistema de implante\u00a0dental\u00a0integral que permite la implantaci\u00f3n de los dientes sin tener que recurrir a la cirug\u00eda.<\/p>\n<p>En declaraciones a la agencia de noticias SANA, al-Droubi inform\u00f3 que, adem\u00e1s, los jefes de las delegaciones de Alemania, Tailandia y Taiw\u00e1n le entregaron un premio para\u00a0la mejor invenci\u00f3n.<\/p>\n<p>Yamil K.<\/p>\n","protected":false},"excerpt":{"rendered":"<p>Damasco-SANA El dentista cirujano sirio Mohamad Imad al-Droubi fue distinguido con la Medalla de Oro de la Exposici\u00f3n internacional de innovaciones, celebrada en Se\u00fal, Corea del Sur. El premio fue otorgado a Al-Droubi por haber creado un sistema de implante\u00a0dental\u00a0integral que permite la implantaci\u00f3n de los dientes sin tener que recurrir a la cirug\u00eda. En &hellip;<\/p>\n","protected":false},"author":1,"featured_media":34433,"comment_status":"closed","ping_status":"closed","sticky":false,"template":"","format":"standard","meta":{"footnotes":""},"categories":[456,457,576],"tags":[],"class_list":["post-34428","post","type-post","status-publish","format-standard","has-post-thumbnail","","category-arabe-internacional-politica","category-noticias-arabe-internacional-politica","category-noticias-politicas"],"_links":{"self":[{"href":"https:\/\/archive.sana.sy\/es\/index.php?rest_route=\/wp\/v2\/posts\/34428"}],"collection":[{"href":"https:\/\/archive.sana.sy\/es\/index.php?rest_route=\/wp\/v2\/posts"}],"about":[{"href":"https:\/\/archive.sana.sy\/es\/index.php?rest_route=\/wp\/v2\/types\/post"}],"author":[{"embeddable":true,"href":"https:\/\/archive.sana.sy\/es\/index.php?rest_route=\/wp\/v2\/users\/1"}],"replies":[{"embeddable":true,"href":"https:\/\/archive.sana.sy\/es\/index.php?rest_route=%2Fwp%2Fv2%2Fcomments&post=34428"}],"version-history":[{"count":0,"href":"https:\/\/archive.sana.sy\/es\/index.php?rest_route=\/wp\/v2\/posts\/34428\/revisions"}],"wp:featuredmedia":[{"embeddable":true,"href":"https:\/\/archive.sana.sy\/es\/index.php?rest_route=\/wp\/v2\/media\/34433"}],"wp:attachment":[{"href":"https:\/\/archive.sana.sy\/es\/index.php?rest_route=%2Fwp%2Fv2%2Fmedia&parent=34428"}],"wp:term":[{"taxonomy":"category","embeddable":true,"href":"https:\/\/archive.sana.sy\/es\/index.php?rest_route=%2Fwp%2Fv2%2Fcategories&post=34428"},{"taxonomy":"post_tag","embeddable":true,"href":"https:\/\/archive.sana.sy\/es\/index.php?rest_route=%2Fwp%2Fv2%2Ftags&post=34428"}],"curies":[{"name":"wp","href":"https:\/\/api.w.org\/{rel}","templated":true}]}}