{"id":344282,"date":"2024-12-03T15:50:24","date_gmt":"2024-12-03T12:50:24","guid":{"rendered":"https:\/\/sana.sy\/es\/?p=344282"},"modified":"2024-12-03T15:50:24","modified_gmt":"2024-12-03T12:50:24","slug":"el-partido-comunista-de-brasil-y-el-centro-brasileno-para-la-paz-expresan-su-solidaridad-con-siria-en-su-enfrentamiento-al-terrorismo","status":"publish","type":"post","link":"https:\/\/archive.sana.sy\/es\/?p=344282","title":{"rendered":"El Partido Comunista de Brasil y el Centro Brasile\u00f1o para la Paz expresan su solidaridad con Siria en su enfrentamiento al terrorismo"},"content":{"rendered":"<p style=\"text-align: justify;\"><span style=\"color: #800000;\"><strong>Brasilia, 03 dic (SANA)\u00a0 <\/strong><\/span>El Partido Comunista Brasile\u00f1o y el Centro Brasile\u00f1o para la Paz perteneciente al Consejo Mundial de la Paz expresaron su solidaridad con Siria para enfrentar el terrorismo financiado por el imperialismo estadounidense y sus aliados sionistas.<\/p>\n<p style=\"text-align: justify;\">Las referidas entidades afirmaron hoy por medio de un comunicado conjunto su solidaridad ilimitada con el gobierno y el pueblo sirios liderados por el presidente Bashar al-Assad ante los ataques criminales llevados a cabo contra la ciudad de Alepo por parte de un grupo armado, terrorista y financiado por el imperialismo estadounidense y sus aliados sionistas.<\/p>\n<p style=\"text-align: justify;\">El comunicado destac\u00f3 que los amantes de la paz y la justicia en todo el mundo se unen a Siria en su justa lucha en defensa del pueblo sirio y su soberan\u00eda nacional, con la firme convicci\u00f3n de que el mundo \u00e1rabe es uno de los bastiones m\u00e1s importantes de apoyo a Palestina y lograr una victoria completa en la guerra contra el terrorismo y sus financistas.<\/p>\n<p style=\"text-align: justify;\">sm<\/p>\n","protected":false},"excerpt":{"rendered":"<p>Brasilia, 03 dic (SANA)\u00a0 El Partido Comunista Brasile\u00f1o y el Centro Brasile\u00f1o para la Paz perteneciente al Consejo Mundial de la Paz expresaron su solidaridad con Siria para enfrentar el terrorismo financiado por el imperialismo estadounidense y sus aliados sionistas. Las referidas entidades afirmaron hoy por medio de un comunicado conjunto su solidaridad ilimitada con &hellip;<\/p>\n","protected":false},"author":39,"featured_media":344283,"comment_status":"closed","ping_status":"closed","sticky":false,"template":"","format":"standard","meta":{"footnotes":""},"categories":[597,20724,467,7541],"tags":[],"class_list":["post-344282","post","type-post","status-publish","format-standard","has-post-thumbnail","","category-cinta-de-noticias","category-minuto-a-minuto","category-siria-y-el-mundo","category-ultimas-noticias"],"_links":{"self":[{"href":"https:\/\/archive.sana.sy\/es\/index.php?rest_route=\/wp\/v2\/posts\/344282"}],"collection":[{"href":"https:\/\/archive.sana.sy\/es\/index.php?rest_route=\/wp\/v2\/posts"}],"about":[{"href":"https:\/\/archive.sana.sy\/es\/index.php?rest_route=\/wp\/v2\/types\/post"}],"author":[{"embeddable":true,"href":"https:\/\/archive.sana.sy\/es\/index.php?rest_route=\/wp\/v2\/users\/39"}],"replies":[{"embeddable":true,"href":"https:\/\/archive.sana.sy\/es\/index.php?rest_route=%2Fwp%2Fv2%2Fcomments&post=344282"}],"version-history":[{"count":1,"href":"https:\/\/archive.sana.sy\/es\/index.php?rest_route=\/wp\/v2\/posts\/344282\/revisions"}],"predecessor-version":[{"id":344284,"href":"https:\/\/archive.sana.sy\/es\/index.php?rest_route=\/wp\/v2\/posts\/344282\/revisions\/344284"}],"wp:featuredmedia":[{"embeddable":true,"href":"https:\/\/archive.sana.sy\/es\/index.php?rest_route=\/wp\/v2\/media\/344283"}],"wp:attachment":[{"href":"https:\/\/archive.sana.sy\/es\/index.php?rest_route=%2Fwp%2Fv2%2Fmedia&parent=344282"}],"wp:term":[{"taxonomy":"category","embeddable":true,"href":"https:\/\/archive.sana.sy\/es\/index.php?rest_route=%2Fwp%2Fv2%2Fcategories&post=344282"},{"taxonomy":"post_tag","embeddable":true,"href":"https:\/\/archive.sana.sy\/es\/index.php?rest_route=%2Fwp%2Fv2%2Ftags&post=344282"}],"curies":[{"name":"wp","href":"https:\/\/api.w.org\/{rel}","templated":true}]}}