{"id":344285,"date":"2024-12-03T15:57:39","date_gmt":"2024-12-03T12:57:39","guid":{"rendered":"https:\/\/sana.sy\/es\/?p=344285"},"modified":"2024-12-03T15:57:39","modified_gmt":"2024-12-03T12:57:39","slug":"iran-anuncia-su-apoyo-decisivo-a-siria-ante-el-terrorismo","status":"publish","type":"post","link":"https:\/\/archive.sana.sy\/es\/?p=344285","title":{"rendered":"Ir\u00e1n anuncia su apoyo decisivo a Siria ante el terrorismo"},"content":{"rendered":"<p style=\"text-align: justify;\"><span style=\"color: #800000;\"><strong>Teher\u00e1n, 03 dic (SANA)<\/strong> <\/span>El portavoz del Ministerio de Asuntos Exteriores iran\u00ed, Ismail Baghaei, anunci\u00f3 hoy que durante la visita del canciller Abbas Araqchi a Damasco y Ankara, Teher\u00e1n traslad\u00f3 un mensaje claro y contundente sobre su apoyo decisivo a Siria en su lucha antiterrorista.<\/p>\n<p style=\"text-align: justify;\">En una declaraci\u00f3n concedida a la prensa en el margen de la reuni\u00f3n de la Organizaci\u00f3n de Cooperaci\u00f3n Econ\u00f3mica (ECO) en Mashhad, el vocero dijo que el Canciller se inform\u00f3 sobre los \u00faltimos acontecimientos sobre el terreno y celebr\u00f3 conversaciones francas e importantes, que subrayaron la necesidad de que todos los pa\u00edses en la regi\u00f3n, especialmente los pa\u00edses vecinos de Siria, lleguen a la conclusi\u00f3n de que el terrorismo es una plaga contagiosa.<\/p>\n<p style=\"text-align: justify;\">Explic\u00f3 que si los pa\u00edses no cooperen y participen en el enfrentamiento de este flagelo, todos se ver\u00e1n afectados, sin duda.<\/p>\n<p style=\"text-align: justify;\">El funcionario se\u00f1al\u00f3 que los grupos terroristas en el norte de Siria cuentan con el apoyo de Estados Unidos y la entidad sionista, lo cual requiere conciencia y coordinaci\u00f3n de los pa\u00edses de la regi\u00f3n, adem\u00e1s de una reacci\u00f3n inmediata y efectiva de la comunidad internacional.<\/p>\n<p style=\"text-align: justify;\">fm\/sm<\/p>\n","protected":false},"excerpt":{"rendered":"<p>Teher\u00e1n, 03 dic (SANA) El portavoz del Ministerio de Asuntos Exteriores iran\u00ed, Ismail Baghaei, anunci\u00f3 hoy que durante la visita del canciller Abbas Araqchi a Damasco y Ankara, Teher\u00e1n traslad\u00f3 un mensaje claro y contundente sobre su apoyo decisivo a Siria en su lucha antiterrorista. En una declaraci\u00f3n concedida a la prensa en el margen &hellip;<\/p>\n","protected":false},"author":39,"featured_media":344286,"comment_status":"closed","ping_status":"closed","sticky":false,"template":"","format":"standard","meta":{"footnotes":""},"categories":[597,20724,467,7541],"tags":[],"class_list":["post-344285","post","type-post","status-publish","format-standard","has-post-thumbnail","","category-cinta-de-noticias","category-minuto-a-minuto","category-siria-y-el-mundo","category-ultimas-noticias"],"_links":{"self":[{"href":"https:\/\/archive.sana.sy\/es\/index.php?rest_route=\/wp\/v2\/posts\/344285"}],"collection":[{"href":"https:\/\/archive.sana.sy\/es\/index.php?rest_route=\/wp\/v2\/posts"}],"about":[{"href":"https:\/\/archive.sana.sy\/es\/index.php?rest_route=\/wp\/v2\/types\/post"}],"author":[{"embeddable":true,"href":"https:\/\/archive.sana.sy\/es\/index.php?rest_route=\/wp\/v2\/users\/39"}],"replies":[{"embeddable":true,"href":"https:\/\/archive.sana.sy\/es\/index.php?rest_route=%2Fwp%2Fv2%2Fcomments&post=344285"}],"version-history":[{"count":1,"href":"https:\/\/archive.sana.sy\/es\/index.php?rest_route=\/wp\/v2\/posts\/344285\/revisions"}],"predecessor-version":[{"id":344287,"href":"https:\/\/archive.sana.sy\/es\/index.php?rest_route=\/wp\/v2\/posts\/344285\/revisions\/344287"}],"wp:featuredmedia":[{"embeddable":true,"href":"https:\/\/archive.sana.sy\/es\/index.php?rest_route=\/wp\/v2\/media\/344286"}],"wp:attachment":[{"href":"https:\/\/archive.sana.sy\/es\/index.php?rest_route=%2Fwp%2Fv2%2Fmedia&parent=344285"}],"wp:term":[{"taxonomy":"category","embeddable":true,"href":"https:\/\/archive.sana.sy\/es\/index.php?rest_route=%2Fwp%2Fv2%2Fcategories&post=344285"},{"taxonomy":"post_tag","embeddable":true,"href":"https:\/\/archive.sana.sy\/es\/index.php?rest_route=%2Fwp%2Fv2%2Ftags&post=344285"}],"curies":[{"name":"wp","href":"https:\/\/api.w.org\/{rel}","templated":true}]}}