{"id":344288,"date":"2024-12-03T16:00:35","date_gmt":"2024-12-03T13:00:35","guid":{"rendered":"https:\/\/sana.sy\/es\/?p=344288"},"modified":"2024-12-03T16:00:35","modified_gmt":"2024-12-03T13:00:35","slug":"ataques-israelies-en-gaza-mataron-a-36-palestino-en-el-ultimo-dia","status":"publish","type":"post","link":"https:\/\/archive.sana.sy\/es\/?p=344288","title":{"rendered":"Ataques israel\u00edes en Gaza mataron a 36 palestino en el \u00faltimo d\u00eda"},"content":{"rendered":"<p style=\"text-align: justify;\"><span style=\"color: #800000;\"><strong>Jerusal\u00e9n ocupada, 3 dic (SANA)<\/strong> <\/span>El Ministerio de Salud palestino anunci\u00f3 hoy que el ej\u00e9rcito de ocupaci\u00f3n israel\u00ed cometi\u00f3 dos masacres en la Franja de Gaza durante las \u00faltimas 24 horas, causando 36 muertos y 96 heridos.<\/p>\n<p style=\"text-align: justify;\">El Ministerio puntualiz\u00f3 en un comunicado que el saldo total de v\u00edctimas durante 424 d\u00edas de agresi\u00f3n en la Franja de Gaza aument\u00f3 a 44 mil 502 muertos y 105 mil 454 heridos.<\/p>\n<p style=\"text-align: justify;\">Aclar\u00f3 que miles de v\u00edctimas todav\u00eda se encuentran bajo los escombros y en las carreteras, y las ambulancias y los equipos de defensa civil no pueden alcanzarlos.<\/p>\n<p style=\"text-align: justify;\">Durante el d\u00eda hoy, quince palestinos perecieron y decenas resultaron heridos por los bombardeos en diversas zonas de la Franja de Gaza.<\/p>\n<p style=\"text-align: justify;\">fm\/sm<\/p>\n","protected":false},"excerpt":{"rendered":"<p>Jerusal\u00e9n ocupada, 3 dic (SANA) El Ministerio de Salud palestino anunci\u00f3 hoy que el ej\u00e9rcito de ocupaci\u00f3n israel\u00ed cometi\u00f3 dos masacres en la Franja de Gaza durante las \u00faltimas 24 horas, causando 36 muertos y 96 heridos. El Ministerio puntualiz\u00f3 en un comunicado que el saldo total de v\u00edctimas durante 424 d\u00edas de agresi\u00f3n en &hellip;<\/p>\n","protected":false},"author":39,"featured_media":344289,"comment_status":"closed","ping_status":"closed","sticky":false,"template":"","format":"standard","meta":{"footnotes":""},"categories":[597,456,16687,20724,7541],"tags":[],"class_list":["post-344288","post","type-post","status-publish","format-standard","has-post-thumbnail","","category-cinta-de-noticias","category-arabe-internacional-politica","category-internacionales","category-minuto-a-minuto","category-ultimas-noticias"],"_links":{"self":[{"href":"https:\/\/archive.sana.sy\/es\/index.php?rest_route=\/wp\/v2\/posts\/344288"}],"collection":[{"href":"https:\/\/archive.sana.sy\/es\/index.php?rest_route=\/wp\/v2\/posts"}],"about":[{"href":"https:\/\/archive.sana.sy\/es\/index.php?rest_route=\/wp\/v2\/types\/post"}],"author":[{"embeddable":true,"href":"https:\/\/archive.sana.sy\/es\/index.php?rest_route=\/wp\/v2\/users\/39"}],"replies":[{"embeddable":true,"href":"https:\/\/archive.sana.sy\/es\/index.php?rest_route=%2Fwp%2Fv2%2Fcomments&post=344288"}],"version-history":[{"count":1,"href":"https:\/\/archive.sana.sy\/es\/index.php?rest_route=\/wp\/v2\/posts\/344288\/revisions"}],"predecessor-version":[{"id":344290,"href":"https:\/\/archive.sana.sy\/es\/index.php?rest_route=\/wp\/v2\/posts\/344288\/revisions\/344290"}],"wp:featuredmedia":[{"embeddable":true,"href":"https:\/\/archive.sana.sy\/es\/index.php?rest_route=\/wp\/v2\/media\/344289"}],"wp:attachment":[{"href":"https:\/\/archive.sana.sy\/es\/index.php?rest_route=%2Fwp%2Fv2%2Fmedia&parent=344288"}],"wp:term":[{"taxonomy":"category","embeddable":true,"href":"https:\/\/archive.sana.sy\/es\/index.php?rest_route=%2Fwp%2Fv2%2Fcategories&post=344288"},{"taxonomy":"post_tag","embeddable":true,"href":"https:\/\/archive.sana.sy\/es\/index.php?rest_route=%2Fwp%2Fv2%2Ftags&post=344288"}],"curies":[{"name":"wp","href":"https:\/\/api.w.org\/{rel}","templated":true}]}}