{"id":344291,"date":"2024-12-03T16:46:58","date_gmt":"2024-12-03T13:46:58","guid":{"rendered":"https:\/\/sana.sy\/es\/?p=344291"},"modified":"2024-12-03T17:04:36","modified_gmt":"2024-12-03T14:04:36","slug":"la-aviacion-militar-conjunta-sirio-rusa-liquida-a-decenas-de-terroristas-en-hama-e-idlib","status":"publish","type":"post","link":"https:\/\/archive.sana.sy\/es\/?p=344291","title":{"rendered":"La aviaci\u00f3n militar conjunta sirio-rusa liquida a decenas de terroristas en Hama e Idlib"},"content":{"rendered":"<p style=\"text-align: justify;\"><span style=\"color: #800000;\"><strong>Hama-Idlib, 03 dic (SANA)\u00a0<\/strong><\/span> La fuerzas a\u00e9reas conjuntas sirio-rusas llevaron a cabo ataques concentrados contra sitios terroristas y sus centros de movimiento en los campos de las provincias de Idlib y Hama, infligi\u00e9ndoles grandes p\u00e9rdidas en personal y equipos.<\/p>\n<p style=\"text-align: justify;\">Una fuente militar siria declar\u00f3 por medio de un comunicado que los aviones de combate conjuntos sirio-rusos dirigieron ataques a\u00e9reos concentrados contra las agrupaciones terroristas en las zonas rural del sur de Idlib y el norte de Hama, logrando liquidar a decenas de extremistas y dejar heridos a otros, adem\u00e1s de destruir sus veh\u00edculos y armas.<\/p>\n<p style=\"text-align: justify;\">sm<\/p>\n","protected":false},"excerpt":{"rendered":"<p>Hama-Idlib, 03 dic (SANA)\u00a0 La fuerzas a\u00e9reas conjuntas sirio-rusas llevaron a cabo ataques concentrados contra sitios terroristas y sus centros de movimiento en los campos de las provincias de Idlib y Hama, infligi\u00e9ndoles grandes p\u00e9rdidas en personal y equipos. Una fuente militar siria declar\u00f3 por medio de un comunicado que los aviones de combate conjuntos &hellip;<\/p>\n","protected":false},"author":39,"featured_media":344296,"comment_status":"closed","ping_status":"closed","sticky":false,"template":"","format":"standard","meta":{"footnotes":""},"categories":[477,597,573,476,583],"tags":[],"class_list":["post-344291","post","type-post","status-publish","format-standard","has-post-thumbnail","","category-noticias-edulcorantes","category-cinta-de-noticias","category-la-realidad-de-los-acontecimientos-en-siria","category-locales","category-slide"],"_links":{"self":[{"href":"https:\/\/archive.sana.sy\/es\/index.php?rest_route=\/wp\/v2\/posts\/344291"}],"collection":[{"href":"https:\/\/archive.sana.sy\/es\/index.php?rest_route=\/wp\/v2\/posts"}],"about":[{"href":"https:\/\/archive.sana.sy\/es\/index.php?rest_route=\/wp\/v2\/types\/post"}],"author":[{"embeddable":true,"href":"https:\/\/archive.sana.sy\/es\/index.php?rest_route=\/wp\/v2\/users\/39"}],"replies":[{"embeddable":true,"href":"https:\/\/archive.sana.sy\/es\/index.php?rest_route=%2Fwp%2Fv2%2Fcomments&post=344291"}],"version-history":[{"count":1,"href":"https:\/\/archive.sana.sy\/es\/index.php?rest_route=\/wp\/v2\/posts\/344291\/revisions"}],"predecessor-version":[{"id":344293,"href":"https:\/\/archive.sana.sy\/es\/index.php?rest_route=\/wp\/v2\/posts\/344291\/revisions\/344293"}],"wp:featuredmedia":[{"embeddable":true,"href":"https:\/\/archive.sana.sy\/es\/index.php?rest_route=\/wp\/v2\/media\/344296"}],"wp:attachment":[{"href":"https:\/\/archive.sana.sy\/es\/index.php?rest_route=%2Fwp%2Fv2%2Fmedia&parent=344291"}],"wp:term":[{"taxonomy":"category","embeddable":true,"href":"https:\/\/archive.sana.sy\/es\/index.php?rest_route=%2Fwp%2Fv2%2Fcategories&post=344291"},{"taxonomy":"post_tag","embeddable":true,"href":"https:\/\/archive.sana.sy\/es\/index.php?rest_route=%2Fwp%2Fv2%2Ftags&post=344291"}],"curies":[{"name":"wp","href":"https:\/\/api.w.org\/{rel}","templated":true}]}}