{"id":344300,"date":"2024-12-03T20:54:15","date_gmt":"2024-12-03T17:54:15","guid":{"rendered":"https:\/\/sana.sy\/es\/?p=344300"},"modified":"2024-12-03T20:54:15","modified_gmt":"2024-12-03T17:54:15","slug":"argelia-expresa-solidaridad-absoluta-con-siria-ante-las-amenazas-terroristas","status":"publish","type":"post","link":"https:\/\/archive.sana.sy\/es\/?p=344300","title":{"rendered":"Argelia expresa solidaridad absoluta con Siria ante las amenazas terroristas"},"content":{"rendered":"<p style=\"text-align: justify;\"><span style=\"color: #800000;\"><strong>Damasco, 3 dic (SANA)<\/strong><\/span>\u00a0\u00a0 El ministro sirio de Asuntos Exteriores y Expatriados, Bassam Sabbagh, recibi\u00f3 hoy una llamada telef\u00f3nica de su hom\u00f3logo argelino, Ahmed Attaf, durante la cual se abord\u00f3 el ataque lanzado por la agrupaci\u00f3n terrorista Hay&#8217;at Tahrir al-Sham en el norte de Siria.<\/p>\n<p style=\"text-align: justify;\">El jefe de la diplomacia siria expres\u00f3 su agradecimiento a Argelia por el apoyo que brinda en el Consejo de Seguridad de la ONU como miembro \u00e1rabe, especialmente su apoyo para la celebraci\u00f3n de una sesi\u00f3n de emergencia del Consejo hoy para abordar las repercusiones de los ataques terroristas.<\/p>\n<p style=\"text-align: justify;\">Destac\u00f3 que la amenaza del terrorismo no se limita a un pa\u00eds, sino que se extiende a otros, con el objetivo de sembrar el caos y la destrucci\u00f3n, lo que conduce a una amenaza para la seguridad y la paz regionales e internacionales.<\/p>\n<p style=\"text-align: justify;\">Por su parte, el canciller argelino expres\u00f3 la firme posici\u00f3n de su pa\u00eds y su absoluta solidaridad con la hermana Rep\u00fablica \u00c1rabe Siria ante de las amenazas terroristas que afectan su seguridad y estabilidad.<\/p>\n<p style=\"text-align: justify;\">rr\/fm<\/p>\n","protected":false},"excerpt":{"rendered":"<p>Damasco, 3 dic (SANA)\u00a0\u00a0 El ministro sirio de Asuntos Exteriores y Expatriados, Bassam Sabbagh, recibi\u00f3 hoy una llamada telef\u00f3nica de su hom\u00f3logo argelino, Ahmed Attaf, durante la cual se abord\u00f3 el ataque lanzado por la agrupaci\u00f3n terrorista Hay&#8217;at Tahrir al-Sham en el norte de Siria. El jefe de la diplomacia siria expres\u00f3 su agradecimiento a &hellip;<\/p>\n","protected":false},"author":31,"featured_media":344315,"comment_status":"closed","ping_status":"closed","sticky":false,"template":"","format":"standard","meta":{"footnotes":""},"categories":[597,467,7541],"tags":[],"class_list":["post-344300","post","type-post","status-publish","format-standard","has-post-thumbnail","","category-cinta-de-noticias","category-siria-y-el-mundo","category-ultimas-noticias"],"_links":{"self":[{"href":"https:\/\/archive.sana.sy\/es\/index.php?rest_route=\/wp\/v2\/posts\/344300"}],"collection":[{"href":"https:\/\/archive.sana.sy\/es\/index.php?rest_route=\/wp\/v2\/posts"}],"about":[{"href":"https:\/\/archive.sana.sy\/es\/index.php?rest_route=\/wp\/v2\/types\/post"}],"author":[{"embeddable":true,"href":"https:\/\/archive.sana.sy\/es\/index.php?rest_route=\/wp\/v2\/users\/31"}],"replies":[{"embeddable":true,"href":"https:\/\/archive.sana.sy\/es\/index.php?rest_route=%2Fwp%2Fv2%2Fcomments&post=344300"}],"version-history":[{"count":1,"href":"https:\/\/archive.sana.sy\/es\/index.php?rest_route=\/wp\/v2\/posts\/344300\/revisions"}],"predecessor-version":[{"id":344316,"href":"https:\/\/archive.sana.sy\/es\/index.php?rest_route=\/wp\/v2\/posts\/344300\/revisions\/344316"}],"wp:featuredmedia":[{"embeddable":true,"href":"https:\/\/archive.sana.sy\/es\/index.php?rest_route=\/wp\/v2\/media\/344315"}],"wp:attachment":[{"href":"https:\/\/archive.sana.sy\/es\/index.php?rest_route=%2Fwp%2Fv2%2Fmedia&parent=344300"}],"wp:term":[{"taxonomy":"category","embeddable":true,"href":"https:\/\/archive.sana.sy\/es\/index.php?rest_route=%2Fwp%2Fv2%2Fcategories&post=344300"},{"taxonomy":"post_tag","embeddable":true,"href":"https:\/\/archive.sana.sy\/es\/index.php?rest_route=%2Fwp%2Fv2%2Ftags&post=344300"}],"curies":[{"name":"wp","href":"https:\/\/api.w.org\/{rel}","templated":true}]}}