{"id":344312,"date":"2024-12-03T20:19:36","date_gmt":"2024-12-03T17:19:36","guid":{"rendered":"https:\/\/sana.sy\/es\/?p=344312"},"modified":"2024-12-03T20:19:36","modified_gmt":"2024-12-03T17:19:36","slug":"comunicado-del-comando-general-del-ejercito-y-fuerzas-armadas-sobre-la-situacion-en-hama-e-idlib","status":"publish","type":"post","link":"https:\/\/archive.sana.sy\/es\/?p=344312","title":{"rendered":"Comunicado del Comando General del Ej\u00e9rcito y Fuerzas Armadas sobre la situaci\u00f3n en Hama e Idlib"},"content":{"rendered":"<p style=\"text-align: justify;\"><span style=\"color: #800000;\"><strong>Damasco, 3 dic (SANA)<\/strong> <\/span>El Ministerio de Defensa de Siria inform\u00f3 hoy que la Fuerzas Armadas siguen atacando con aviaci\u00f3n, artiller\u00eda y misiles, y con el apoyo de la aviaci\u00f3n rusa, las posiciones, los convoyes y los cuarteles generales de los grupos terroristas en el norte de Hama e Idlib.<\/p>\n<p style=\"text-align: justify;\">\u201cDurante las \u00faltimas 24 horas, el Ej\u00e9rcito sirio lanz\u00f3 una serie de ataques precisos que resultaron en la destrucci\u00f3n de un cuartel general de operaciones, tres almacenes que conten\u00edan diversas municiones y decenas de veh\u00edculos blindados de la llamada organizaci\u00f3n terrorista Hay&#8217;at Tahrir al-Sham\u201d, indic\u00f3 la nota.<\/p>\n<p style=\"text-align: justify;\">Se\u00f1al\u00f3 que las Fuerzas Armadas lograron eliminar al menos 200 terroristas, incluidos l\u00edderes de nacionalidades extranjeras, adem\u00e1s de destruir y derribar m\u00e1s de 20 drones lanzados por terroristas hacia localidades seguras.<\/p>\n<p style=\"text-align: justify;\">\u201cContin\u00faan llegando refuerzos militares de todo tipo a las unidades de las Fuerzas Armadas, que est\u00e1n librando valientemente violentas batallas en las l\u00edneas de enfrentamiento, especialmente en los frentes del norte de Hama\u201d, agreg\u00f3.<\/p>\n<p style=\"text-align: justify;\">rr\/fm<\/p>\n","protected":false},"excerpt":{"rendered":"<p>Damasco, 3 dic (SANA) El Ministerio de Defensa de Siria inform\u00f3 hoy que la Fuerzas Armadas siguen atacando con aviaci\u00f3n, artiller\u00eda y misiles, y con el apoyo de la aviaci\u00f3n rusa, las posiciones, los convoyes y los cuarteles generales de los grupos terroristas en el norte de Hama e Idlib. \u201cDurante las \u00faltimas 24 horas, &hellip;<\/p>\n","protected":false},"author":31,"featured_media":344313,"comment_status":"closed","ping_status":"closed","sticky":false,"template":"","format":"standard","meta":{"footnotes":""},"categories":[597,573,476,583],"tags":[],"class_list":["post-344312","post","type-post","status-publish","format-standard","has-post-thumbnail","","category-cinta-de-noticias","category-la-realidad-de-los-acontecimientos-en-siria","category-locales","category-slide"],"_links":{"self":[{"href":"https:\/\/archive.sana.sy\/es\/index.php?rest_route=\/wp\/v2\/posts\/344312"}],"collection":[{"href":"https:\/\/archive.sana.sy\/es\/index.php?rest_route=\/wp\/v2\/posts"}],"about":[{"href":"https:\/\/archive.sana.sy\/es\/index.php?rest_route=\/wp\/v2\/types\/post"}],"author":[{"embeddable":true,"href":"https:\/\/archive.sana.sy\/es\/index.php?rest_route=\/wp\/v2\/users\/31"}],"replies":[{"embeddable":true,"href":"https:\/\/archive.sana.sy\/es\/index.php?rest_route=%2Fwp%2Fv2%2Fcomments&post=344312"}],"version-history":[{"count":1,"href":"https:\/\/archive.sana.sy\/es\/index.php?rest_route=\/wp\/v2\/posts\/344312\/revisions"}],"predecessor-version":[{"id":344314,"href":"https:\/\/archive.sana.sy\/es\/index.php?rest_route=\/wp\/v2\/posts\/344312\/revisions\/344314"}],"wp:featuredmedia":[{"embeddable":true,"href":"https:\/\/archive.sana.sy\/es\/index.php?rest_route=\/wp\/v2\/media\/344313"}],"wp:attachment":[{"href":"https:\/\/archive.sana.sy\/es\/index.php?rest_route=%2Fwp%2Fv2%2Fmedia&parent=344312"}],"wp:term":[{"taxonomy":"category","embeddable":true,"href":"https:\/\/archive.sana.sy\/es\/index.php?rest_route=%2Fwp%2Fv2%2Fcategories&post=344312"},{"taxonomy":"post_tag","embeddable":true,"href":"https:\/\/archive.sana.sy\/es\/index.php?rest_route=%2Fwp%2Fv2%2Ftags&post=344312"}],"curies":[{"name":"wp","href":"https:\/\/api.w.org\/{rel}","templated":true}]}}