{"id":344317,"date":"2024-12-04T06:00:29","date_gmt":"2024-12-04T03:00:29","guid":{"rendered":"https:\/\/sana.sy\/es\/?p=344317"},"modified":"2024-12-04T06:31:23","modified_gmt":"2024-12-04T03:31:23","slug":"fuente-militar-siria-aclara-situacion-en-la-ciudad-de-hama","status":"publish","type":"post","link":"https:\/\/archive.sana.sy\/es\/?p=344317","title":{"rendered":"Fuente militar siria aclara situaci\u00f3n en la ciudad de Hama"},"content":{"rendered":"<p style=\"text-align: justify;\"><span style=\"color: #800000;\"><strong>Damasco, 4 dic (SANA)<\/strong><\/span>\u00a0 \u00a0Una fuente militar desminti\u00f3 las noticias circuladas sobre el ingreso de los terroristas en los barrios de Al-Sawaiq y Al-Mazareb, en la ciudad de Hama, y asegur\u00f3 que tales noticias van en el marco de la guerra medi\u00e1tica.<\/p>\n<p style=\"text-align: justify;\">La fuente aclar\u00f3 que las Fuerzas Armadas est\u00e1n presentes en las afueras de la ciudad, en direcciones avanzadas y en puntos defensivos bien fortificados.<\/p>\n<p style=\"text-align: justify;\">A\u00f1adi\u00f3 que se est\u00e1 trabajando para recuperar una serie de zonas y pueblos en los que entraron organizaciones terroristas armadas.<\/p>\n<p style=\"text-align: justify;\">fm<\/p>\n","protected":false},"excerpt":{"rendered":"<p>Damasco, 4 dic (SANA)\u00a0 \u00a0Una fuente militar desminti\u00f3 las noticias circuladas sobre el ingreso de los terroristas en los barrios de Al-Sawaiq y Al-Mazareb, en la ciudad de Hama, y asegur\u00f3 que tales noticias van en el marco de la guerra medi\u00e1tica. La fuente aclar\u00f3 que las Fuerzas Armadas est\u00e1n presentes en las afueras de &hellip;<\/p>\n","protected":false},"author":34,"featured_media":344319,"comment_status":"closed","ping_status":"closed","sticky":false,"template":"","format":"standard","meta":{"footnotes":""},"categories":[447,477,597,573,20724,476,583,7541],"tags":[],"class_list":["post-344317","post","type-post","status-publish","format-standard","has-post-thumbnail","","category-local-politica","category-noticias-edulcorantes","category-cinta-de-noticias","category-la-realidad-de-los-acontecimientos-en-siria","category-minuto-a-minuto","category-locales","category-slide","category-ultimas-noticias"],"_links":{"self":[{"href":"https:\/\/archive.sana.sy\/es\/index.php?rest_route=\/wp\/v2\/posts\/344317"}],"collection":[{"href":"https:\/\/archive.sana.sy\/es\/index.php?rest_route=\/wp\/v2\/posts"}],"about":[{"href":"https:\/\/archive.sana.sy\/es\/index.php?rest_route=\/wp\/v2\/types\/post"}],"author":[{"embeddable":true,"href":"https:\/\/archive.sana.sy\/es\/index.php?rest_route=\/wp\/v2\/users\/34"}],"replies":[{"embeddable":true,"href":"https:\/\/archive.sana.sy\/es\/index.php?rest_route=%2Fwp%2Fv2%2Fcomments&post=344317"}],"version-history":[{"count":1,"href":"https:\/\/archive.sana.sy\/es\/index.php?rest_route=\/wp\/v2\/posts\/344317\/revisions"}],"predecessor-version":[{"id":344320,"href":"https:\/\/archive.sana.sy\/es\/index.php?rest_route=\/wp\/v2\/posts\/344317\/revisions\/344320"}],"wp:featuredmedia":[{"embeddable":true,"href":"https:\/\/archive.sana.sy\/es\/index.php?rest_route=\/wp\/v2\/media\/344319"}],"wp:attachment":[{"href":"https:\/\/archive.sana.sy\/es\/index.php?rest_route=%2Fwp%2Fv2%2Fmedia&parent=344317"}],"wp:term":[{"taxonomy":"category","embeddable":true,"href":"https:\/\/archive.sana.sy\/es\/index.php?rest_route=%2Fwp%2Fv2%2Fcategories&post=344317"},{"taxonomy":"post_tag","embeddable":true,"href":"https:\/\/archive.sana.sy\/es\/index.php?rest_route=%2Fwp%2Fv2%2Ftags&post=344317"}],"curies":[{"name":"wp","href":"https:\/\/api.w.org\/{rel}","templated":true}]}}