{"id":344321,"date":"2024-12-04T05:47:27","date_gmt":"2024-12-04T02:47:27","guid":{"rendered":"https:\/\/sana.sy\/es\/?p=344321"},"modified":"2024-12-04T05:47:27","modified_gmt":"2024-12-04T02:47:27","slug":"damasco-acusa-a-israel-y-turkiye-de-estar-detras-del-ataque-terrorista-en-el-norte-de-siria","status":"publish","type":"post","link":"https:\/\/archive.sana.sy\/es\/?p=344321","title":{"rendered":"Damasco acusa a Israel y Turkiye de estar detr\u00e1s del ataque terrorista en el norte de Siria"},"content":{"rendered":"<p style=\"text-align: justify;\"><span style=\"color: #800000;\"><strong>Nueva York, 4 dic (SANA)\u00a0<\/strong> <\/span>El representante permanente de Siria ante las Naciones Unidas, el embajador Qusay Al-Dahak, dijo hoy que el ataque terrorista en el norte de Siria no podr\u00eda haberse llevado a cabo sin la luz verde y una orden de operaciones conjunta turco-israel\u00ed, y los numerosos bombardeos israel\u00edes contra territorio sirio allanaron el camino para tal ofensiva radical.<\/p>\n<p style=\"text-align: justify;\">\u201cSiria, que durante los \u00faltimos a\u00f1os ha podido enfrentar el terrorismo en todas sus formas, es capaz y est\u00e1 decidida a erradicarlo\u201d, dijo Al-Dahak en su intervenci\u00f3n durante una sesi\u00f3n del Consejo de Seguridad de las Naciones dedicada a debatir la situaci\u00f3n en Siria.<\/p>\n<p style=\"text-align: justify;\">Esper\u00f3 contar con el apoyo de los Estados miembros que creen en el derecho internacional y los principios y prop\u00f3sitos de la Carta de las Naciones Unidas a los esfuerzos que est\u00e1 realizando el Siria para combatir el terrorismo y defender su soberan\u00eda, independencia, unidad e integridad territorial, y la seguridad y estabilidad de su pueblo.<\/p>\n<p style=\"text-align: justify;\">El delegado sirio explic\u00f3 que el ataque terrorista a Alepo coincidi\u00f3 con la afluencia de terroristas a trav\u00e9s de la frontera norte y la intensificaci\u00f3n del apoyo externo a ellos, incluido con equipos militares, armas pesadas, veh\u00edculos, drones, tecnolog\u00edas de comunicaci\u00f3n modernas y seguridad en las l\u00edneas de suministro militar y log\u00edstico.<\/p>\n<p style=\"text-align: justify;\">La magnitud del ataque terrorista demuestra el apoyo brindado por partes regionales e internacionales que han encontrado en el terrorismo una herramienta para implementar su pol\u00edtica exterior, atacar al Estado sirio, desestabilizar su seguridad y estabilidad, y causar sufrimiento al pueblo sirio, afirm\u00f3 el diplom\u00e1tico.<\/p>\n<p style=\"text-align: justify;\">Denunci\u00f3 que esta ofensiva radical oblig\u00f3 a miles de familias en Alepo a dirigirse hacia \u00e1reas bajo el control del Estado sirio, mientras que aquellos que permanecen atrapados dentro de la ciudad enfrentan dif\u00edciles condiciones humanitarias y ataques de los grupos terroristas.<\/p>\n<p style=\"text-align: justify;\">El sufrimiento de la poblaci\u00f3n en las zonas atacadas por grupos terroristas requiere una vez m\u00e1s que el Consejo de Seguridad condene el ataque radical y obligue a los pa\u00edses que operan estas agrupaciones a dejar sus pol\u00edticas destructivas y no permitir el establecimiento de una realidad terrorista que mantiene a los civiles como rehenes, afirm\u00f3 el embajador sirio.<\/p>\n<p style=\"text-align: justify;\">Consider\u00f3 que el ataque terrorista es una violaci\u00f3n flagrante de las resoluciones de las Naciones Unidas y de los acuerdos de distensi\u00f3n aprobados en el Proceso de Astan\u00e1 y que reafirman el compromiso con la soberan\u00eda, independencia, unidad e integridad territorial de Siria, y de combatir terrorismo.<\/p>\n<p style=\"text-align: justify;\">Estas son promesas incumplidas por el garante turco, critic\u00f3.<\/p>\n<p style=\"text-align: justify;\">Reiter\u00f3 que Siria seguir\u00e1 ejerciendo su derecho soberano y su deber constitucional y legal de luchar contra el terrorismo con toda la fuerza y \u200b\u200bdeterminaci\u00f3n, y tomar\u00e1 todas las medidas necesarias para defender a sus ciudadanos, enfrentar la amenaza que plantea el terrorismo y liberar sus tierras de este flagelo.<\/p>\n<p style=\"text-align: justify;\">Siria es capaz y est\u00e1 decidida a erradicar el terrorismo, y espera contar con el apoyo de los Estados miembros que creen en el derecho internacional y la Carta de las Naciones Unidas, a sus esfuerzos por combatirlo y defender su soberan\u00eda, independencia, unidad y seguridad, concluy\u00f3 el delegado sirio su intervenci\u00f3n.<\/p>\n<p style=\"text-align: justify;\">fm<\/p>\n","protected":false},"excerpt":{"rendered":"<p>Nueva York, 4 dic (SANA)\u00a0 El representante permanente de Siria ante las Naciones Unidas, el embajador Qusay Al-Dahak, dijo hoy que el ataque terrorista en el norte de Siria no podr\u00eda haberse llevado a cabo sin la luz verde y una orden de operaciones conjunta turco-israel\u00ed, y los numerosos bombardeos israel\u00edes contra territorio sirio allanaron &hellip;<\/p>\n","protected":false},"author":34,"featured_media":344322,"comment_status":"closed","ping_status":"closed","sticky":false,"template":"","format":"standard","meta":{"footnotes":""},"categories":[477,447,597,20724,467,583],"tags":[],"class_list":["post-344321","post","type-post","status-publish","format-standard","has-post-thumbnail","","category-noticias-edulcorantes","category-local-politica","category-cinta-de-noticias","category-minuto-a-minuto","category-siria-y-el-mundo","category-slide"],"_links":{"self":[{"href":"https:\/\/archive.sana.sy\/es\/index.php?rest_route=\/wp\/v2\/posts\/344321"}],"collection":[{"href":"https:\/\/archive.sana.sy\/es\/index.php?rest_route=\/wp\/v2\/posts"}],"about":[{"href":"https:\/\/archive.sana.sy\/es\/index.php?rest_route=\/wp\/v2\/types\/post"}],"author":[{"embeddable":true,"href":"https:\/\/archive.sana.sy\/es\/index.php?rest_route=\/wp\/v2\/users\/34"}],"replies":[{"embeddable":true,"href":"https:\/\/archive.sana.sy\/es\/index.php?rest_route=%2Fwp%2Fv2%2Fcomments&post=344321"}],"version-history":[{"count":1,"href":"https:\/\/archive.sana.sy\/es\/index.php?rest_route=\/wp\/v2\/posts\/344321\/revisions"}],"predecessor-version":[{"id":344323,"href":"https:\/\/archive.sana.sy\/es\/index.php?rest_route=\/wp\/v2\/posts\/344321\/revisions\/344323"}],"wp:featuredmedia":[{"embeddable":true,"href":"https:\/\/archive.sana.sy\/es\/index.php?rest_route=\/wp\/v2\/media\/344322"}],"wp:attachment":[{"href":"https:\/\/archive.sana.sy\/es\/index.php?rest_route=%2Fwp%2Fv2%2Fmedia&parent=344321"}],"wp:term":[{"taxonomy":"category","embeddable":true,"href":"https:\/\/archive.sana.sy\/es\/index.php?rest_route=%2Fwp%2Fv2%2Fcategories&post=344321"},{"taxonomy":"post_tag","embeddable":true,"href":"https:\/\/archive.sana.sy\/es\/index.php?rest_route=%2Fwp%2Fv2%2Ftags&post=344321"}],"curies":[{"name":"wp","href":"https:\/\/api.w.org\/{rel}","templated":true}]}}