{"id":344334,"date":"2024-12-04T06:29:29","date_gmt":"2024-12-04T03:29:29","guid":{"rendered":"https:\/\/sana.sy\/es\/?p=344334"},"modified":"2024-12-04T06:29:29","modified_gmt":"2024-12-04T03:29:29","slug":"grupo-arabe-en-la-onu-condena-ataque-terrorista-en-alepo","status":"publish","type":"post","link":"https:\/\/archive.sana.sy\/es\/?p=344334","title":{"rendered":"Grupo \u00c1rabe en la ONU condena ataque terrorista en Alepo"},"content":{"rendered":"<p style=\"text-align: justify;\"><span style=\"color: #800000;\"><strong>Nueva York, 4 dic (SANA)\u00a0<\/strong> <\/span>El Grupo \u00c1rabe en las Naciones Unidas conden\u00f3 el ataque terrorista contra Alepo, y consider\u00f3 que el mismo provoc\u00f3 una tr\u00e1gica p\u00e9rdida de vidas civiles inocentes y da\u00f1os en la infraestructura.<\/p>\n<p style=\"text-align: justify;\"><img loading=\"lazy\" decoding=\"async\" class=\"wp-image-344336 alignleft\" src=\"http:\/\/sana.sy\/es\/wp-content\/uploads\/2024\/12\/2020-copy.jpg\" alt=\"\" width=\"317\" height=\"178\" srcset=\"https:\/\/archive.sana.sy\/es\/wp-content\/uploads\/2024\/12\/2020-copy.jpg 660w, https:\/\/archive.sana.sy\/es\/wp-content\/uploads\/2024\/12\/2020-copy-300x169.jpg 300w, https:\/\/archive.sana.sy\/es\/wp-content\/uploads\/2024\/12\/2020-copy-150x84.jpg 150w\" sizes=\"(max-width: 317px) 100vw, 317px\" \/>El representante permanente del L\u00edbano ante las Naciones Unidas, Hadi Hashem, dijo en un comunicado le\u00eddo en nombre del Grupo \u00c1rabe durante una sesi\u00f3n de emergencia del Consejo de Seguridad para debatir el ataque terrorista a Alepo, que \u201cel Grupo \u00c1rabe advierte que estos acontecimientos en Siria tendr\u00e1n graves consecuencias para la paz y la seguridad regionales e internacionales\u201d.<\/p>\n<p style=\"text-align: justify;\">Expres\u00f3 su apoyo a la Rep\u00fablica \u00c1rabe que enfrenta el terrorismo representado por Daesh y Frente Al-Nousra, as\u00ed como los repetidos actos de agresi\u00f3n israel\u00ed.<\/p>\n<p style=\"text-align: justify;\">El Grupo \u00c1rabe destac\u00f3 la necesidad de apoyar los esfuerzos para restablecer la seguridad y estabilidad en todas partes de Siria, disminuir el sufrimiento e intensificar los esfuerzos para reducir la escalada y volver a una soluci\u00f3n diplom\u00e1tica y pol\u00edtica que preserve la seguridad y la prosperidad del pueblo sirio y proporcione condiciones para el regreso de los refugiados sirios a su patria.<\/p>\n<p style=\"text-align: justify;\"><img loading=\"lazy\" decoding=\"async\" class=\"wp-image-344337 alignleft\" src=\"http:\/\/sana.sy\/es\/wp-content\/uploads\/2024\/12\/\u0627\u0644\u062c\u0632\u0627\u0626\u0631-copy.jpg\" alt=\"\" width=\"303\" height=\"169\" srcset=\"https:\/\/archive.sana.sy\/es\/wp-content\/uploads\/2024\/12\/\u0627\u0644\u062c\u0632\u0627\u0626\u0631-copy.jpg 660w, https:\/\/archive.sana.sy\/es\/wp-content\/uploads\/2024\/12\/\u0627\u0644\u062c\u0632\u0627\u0626\u0631-copy-300x167.jpg 300w, https:\/\/archive.sana.sy\/es\/wp-content\/uploads\/2024\/12\/\u0627\u0644\u062c\u0632\u0627\u0626\u0631-copy-150x84.jpg 150w\" sizes=\"(max-width: 303px) 100vw, 303px\" \/>Tambi\u00e9n destac\u00f3 la importancia de implementar las resoluciones pertinentes del Consejo de Seguridad relativas a la lucha contra el terrorismo, y la necesidad de centrar los esfuerzos en lograr una soluci\u00f3n pol\u00edtica sin injerencias externas y de manera que preserve la soberan\u00eda, independencia, unidad y seguridad de Siria y su pueblo.<\/p>\n<p style=\"text-align: justify;\">Por su parte, el representante adjunto de Argelia, Nassim Qawawi, dijo que existe una necesidad urgente de coordinar de manera efectiva con el gobierno sirio para combatir y eliminar el terrorismo.<\/p>\n<p style=\"text-align: justify;\">fm<\/p>\n","protected":false},"excerpt":{"rendered":"<p>Nueva York, 4 dic (SANA)\u00a0 El Grupo \u00c1rabe en las Naciones Unidas conden\u00f3 el ataque terrorista contra Alepo, y consider\u00f3 que el mismo provoc\u00f3 una tr\u00e1gica p\u00e9rdida de vidas civiles inocentes y da\u00f1os en la infraestructura. El representante permanente del L\u00edbano ante las Naciones Unidas, Hadi Hashem, dijo en un comunicado le\u00eddo en nombre del &hellip;<\/p>\n","protected":false},"author":34,"featured_media":344335,"comment_status":"closed","ping_status":"closed","sticky":false,"template":"","format":"standard","meta":{"footnotes":""},"categories":[447,597,20724,467,7541],"tags":[],"class_list":["post-344334","post","type-post","status-publish","format-standard","has-post-thumbnail","","category-local-politica","category-cinta-de-noticias","category-minuto-a-minuto","category-siria-y-el-mundo","category-ultimas-noticias"],"_links":{"self":[{"href":"https:\/\/archive.sana.sy\/es\/index.php?rest_route=\/wp\/v2\/posts\/344334"}],"collection":[{"href":"https:\/\/archive.sana.sy\/es\/index.php?rest_route=\/wp\/v2\/posts"}],"about":[{"href":"https:\/\/archive.sana.sy\/es\/index.php?rest_route=\/wp\/v2\/types\/post"}],"author":[{"embeddable":true,"href":"https:\/\/archive.sana.sy\/es\/index.php?rest_route=\/wp\/v2\/users\/34"}],"replies":[{"embeddable":true,"href":"https:\/\/archive.sana.sy\/es\/index.php?rest_route=%2Fwp%2Fv2%2Fcomments&post=344334"}],"version-history":[{"count":1,"href":"https:\/\/archive.sana.sy\/es\/index.php?rest_route=\/wp\/v2\/posts\/344334\/revisions"}],"predecessor-version":[{"id":344338,"href":"https:\/\/archive.sana.sy\/es\/index.php?rest_route=\/wp\/v2\/posts\/344334\/revisions\/344338"}],"wp:featuredmedia":[{"embeddable":true,"href":"https:\/\/archive.sana.sy\/es\/index.php?rest_route=\/wp\/v2\/media\/344335"}],"wp:attachment":[{"href":"https:\/\/archive.sana.sy\/es\/index.php?rest_route=%2Fwp%2Fv2%2Fmedia&parent=344334"}],"wp:term":[{"taxonomy":"category","embeddable":true,"href":"https:\/\/archive.sana.sy\/es\/index.php?rest_route=%2Fwp%2Fv2%2Fcategories&post=344334"},{"taxonomy":"post_tag","embeddable":true,"href":"https:\/\/archive.sana.sy\/es\/index.php?rest_route=%2Fwp%2Fv2%2Ftags&post=344334"}],"curies":[{"name":"wp","href":"https:\/\/api.w.org\/{rel}","templated":true}]}}