{"id":344339,"date":"2024-12-04T10:49:53","date_gmt":"2024-12-04T07:49:53","guid":{"rendered":"https:\/\/sana.sy\/es\/?p=344339"},"modified":"2024-12-04T10:50:32","modified_gmt":"2024-12-04T07:50:32","slug":"el-regimen-de-kiev-entrena-a-los-terroristas-en-siria","status":"publish","type":"post","link":"https:\/\/archive.sana.sy\/es\/?p=344339","title":{"rendered":"El r\u00e9gimen de Kiev entrena a los terroristas en Siria"},"content":{"rendered":"<blockquote>\n<p style=\"text-align: justify;\"><span style=\"color: #800000;\"><strong>Los terroristas han comenzado a utilizar drones kamikazes de noche, lo que significa que ya est\u00e1n equipados con c\u00e1maras nocturnas o dispositivos de im\u00e1genes t\u00e9rmicas, aunque lo m\u00e1s interesante es que cada modelo de estos aviones contiene inscripciones en el idioma ingl\u00e9s, lo cual es inusual.<\/strong><\/span><\/p>\n<\/blockquote>\n<p style=\"text-align: justify;\"><span style=\"color: #800000;\"><strong>Mosc\u00fa, 4 dic (SANA)\u00a0 \u00a0<\/strong><\/span>El r\u00e9gimen de Kiev est\u00e1 entrenando a los terroristas en Siria, y esto se ve evidente en las t\u00e1cticas que no est\u00e1n utilizando los radicales en sus ataques actuales, afirm\u00f3 una fuente a la agencia de noticias rusa Sputnik.<\/p>\n<p>Explic\u00f3 que los extremistas en Siria est\u00e1n recibiendo entrenamiento de manos de especialistas y entrenadores extranjeros, ya que utilizan las mismas t\u00e1cticas que los ucranianos con respecto al uso de drones en la zona de la operaci\u00f3n Militar Rusa.<\/p>\n<p>La fuente se\u00f1al\u00f3 que los terroristas han comenzado a utilizar drones kamikazes de noche, lo que significa que ya est\u00e1n equipados con c\u00e1maras nocturnas o dispositivos de im\u00e1genes t\u00e9rmicas, aunque lo m\u00e1s interesante es que cada modelo de estos aviones contiene inscripciones en el idioma ingl\u00e9s, lo cual es inusual.<\/p>\n<p>La fuente a\u00f1adi\u00f3 que \u201chay muchas pruebas de que los servicios especiales de la inteligencia ucraniana est\u00e1n presentes en la zona de distensi\u00f3n de Idlib.<\/p>\n<p><strong><span style=\"color: #800000;\">fm\/ws<\/span><\/strong><\/p>\n","protected":false},"excerpt":{"rendered":"<p>Los terroristas han comenzado a utilizar drones kamikazes de noche, lo que significa que ya est\u00e1n equipados con c\u00e1maras nocturnas o dispositivos de im\u00e1genes t\u00e9rmicas, aunque lo m\u00e1s interesante es que cada modelo de estos aviones contiene inscripciones en el idioma ingl\u00e9s, lo cual es inusual. Mosc\u00fa, 4 dic (SANA)\u00a0 \u00a0El r\u00e9gimen de Kiev est\u00e1 &hellip;<\/p>\n","protected":false},"author":35,"featured_media":344340,"comment_status":"closed","ping_status":"closed","sticky":false,"template":"","format":"standard","meta":{"footnotes":""},"categories":[597,456,16687,20724,467,7541],"tags":[],"class_list":["post-344339","post","type-post","status-publish","format-standard","has-post-thumbnail","","category-cinta-de-noticias","category-arabe-internacional-politica","category-internacionales","category-minuto-a-minuto","category-siria-y-el-mundo","category-ultimas-noticias"],"_links":{"self":[{"href":"https:\/\/archive.sana.sy\/es\/index.php?rest_route=\/wp\/v2\/posts\/344339"}],"collection":[{"href":"https:\/\/archive.sana.sy\/es\/index.php?rest_route=\/wp\/v2\/posts"}],"about":[{"href":"https:\/\/archive.sana.sy\/es\/index.php?rest_route=\/wp\/v2\/types\/post"}],"author":[{"embeddable":true,"href":"https:\/\/archive.sana.sy\/es\/index.php?rest_route=\/wp\/v2\/users\/35"}],"replies":[{"embeddable":true,"href":"https:\/\/archive.sana.sy\/es\/index.php?rest_route=%2Fwp%2Fv2%2Fcomments&post=344339"}],"version-history":[{"count":2,"href":"https:\/\/archive.sana.sy\/es\/index.php?rest_route=\/wp\/v2\/posts\/344339\/revisions"}],"predecessor-version":[{"id":344342,"href":"https:\/\/archive.sana.sy\/es\/index.php?rest_route=\/wp\/v2\/posts\/344339\/revisions\/344342"}],"wp:featuredmedia":[{"embeddable":true,"href":"https:\/\/archive.sana.sy\/es\/index.php?rest_route=\/wp\/v2\/media\/344340"}],"wp:attachment":[{"href":"https:\/\/archive.sana.sy\/es\/index.php?rest_route=%2Fwp%2Fv2%2Fmedia&parent=344339"}],"wp:term":[{"taxonomy":"category","embeddable":true,"href":"https:\/\/archive.sana.sy\/es\/index.php?rest_route=%2Fwp%2Fv2%2Fcategories&post=344339"},{"taxonomy":"post_tag","embeddable":true,"href":"https:\/\/archive.sana.sy\/es\/index.php?rest_route=%2Fwp%2Fv2%2Ftags&post=344339"}],"curies":[{"name":"wp","href":"https:\/\/api.w.org\/{rel}","templated":true}]}}