{"id":344352,"date":"2024-12-04T13:16:28","date_gmt":"2024-12-04T10:16:28","guid":{"rendered":"https:\/\/sana.sy\/es\/?p=344352"},"modified":"2024-12-04T13:25:15","modified_gmt":"2024-12-04T10:25:15","slug":"ejercito-sirio-revela-el-destino-de-los-militares-y-oficiales-de-la-academia-militar-en-alepo","status":"publish","type":"post","link":"https:\/\/archive.sana.sy\/es\/?p=344352","title":{"rendered":"Ej\u00e9rcito sirio revela el destino de los militares y oficiales de la Academia Militar en Alepo"},"content":{"rendered":"<p style=\"text-align: justify;\"><span style=\"color: #800000;\"><strong>Damasco, 4 dic (SANA)\u00a0<\/strong> <\/span>\u00a0El Comando General del Ej\u00e9rcito y las Fuerzas Armadas anunci\u00f3 hoy el levantamiento del asedio impuesto por las agrupaciones terroristas a los cadetes de la Academia de Ingenier\u00eda Militar \u201cAl-Assad\u201d, en la provincia de Alepo, y asegur\u00f3 su salida y llegada segura a la ciudad de Homs.<\/p>\n<p style=\"text-align: justify;\">El Comando afirm\u00f3 hoy por medio de un comunicado, que la liberaci\u00f3n se dio lugar gracias a la coordinaci\u00f3n militar y pol\u00edtica conjunta sirio-rusa, y agreg\u00f3 que los militares llegaron ahora a Homs donde reciben la atenci\u00f3n y el tratamiento m\u00e9dico necesario a los heridos.<\/p>\n<p style=\"text-align: justify;\">De acuerdo con el organismo, esta liberaci\u00f3n se dio lugar despu\u00e9s de la legendaria y heroica firmeza de los estudiantes y oficiales, y su defensa de su academia desde el primer momento del ataque terrorista contra la ciudad de Alepo.<\/p>\n<p style=\"text-align: justify;\">Aclar\u00f3 que los extremistas intentaron asaltar la academia de diversas formas y empleando armas medianas y pesadas y veh\u00edculos a\u00e9reos no tripulados avanzados.<\/p>\n<p style=\"text-align: justify;\">Luego, los militares asediados lograr dirigirse a la localidad de Al-Waha en el municipio de Al-Safira y ah\u00ed fueron asediados de nuevo por grupos de terroristas armados con veh\u00edculos pesados, incluidos tanques, artiller\u00eda, ametralladoras y drones.<\/p>\n<p style=\"text-align: justify;\">Los estudiantes y oficiales pudieron resistir a los terroristas, lo que caus\u00f3 la muerte de varios de ellos y otros resultaron lesionados.<\/p>\n<p style=\"text-align: justify;\"><span style=\"color: #800000;\">fm\/ws<\/span><\/p>\n","protected":false},"excerpt":{"rendered":"<p>Damasco, 4 dic (SANA)\u00a0 \u00a0El Comando General del Ej\u00e9rcito y las Fuerzas Armadas anunci\u00f3 hoy el levantamiento del asedio impuesto por las agrupaciones terroristas a los cadetes de la Academia de Ingenier\u00eda Militar \u201cAl-Assad\u201d, en la provincia de Alepo, y asegur\u00f3 su salida y llegada segura a la ciudad de Homs. El Comando afirm\u00f3 hoy &hellip;<\/p>\n","protected":false},"author":35,"featured_media":344356,"comment_status":"closed","ping_status":"closed","sticky":false,"template":"","format":"standard","meta":{"footnotes":""},"categories":[447,477,597,20724,476,583],"tags":[],"class_list":["post-344352","post","type-post","status-publish","format-standard","has-post-thumbnail","","category-local-politica","category-noticias-edulcorantes","category-cinta-de-noticias","category-minuto-a-minuto","category-locales","category-slide"],"_links":{"self":[{"href":"https:\/\/archive.sana.sy\/es\/index.php?rest_route=\/wp\/v2\/posts\/344352"}],"collection":[{"href":"https:\/\/archive.sana.sy\/es\/index.php?rest_route=\/wp\/v2\/posts"}],"about":[{"href":"https:\/\/archive.sana.sy\/es\/index.php?rest_route=\/wp\/v2\/types\/post"}],"author":[{"embeddable":true,"href":"https:\/\/archive.sana.sy\/es\/index.php?rest_route=\/wp\/v2\/users\/35"}],"replies":[{"embeddable":true,"href":"https:\/\/archive.sana.sy\/es\/index.php?rest_route=%2Fwp%2Fv2%2Fcomments&post=344352"}],"version-history":[{"count":3,"href":"https:\/\/archive.sana.sy\/es\/index.php?rest_route=\/wp\/v2\/posts\/344352\/revisions"}],"predecessor-version":[{"id":344358,"href":"https:\/\/archive.sana.sy\/es\/index.php?rest_route=\/wp\/v2\/posts\/344352\/revisions\/344358"}],"wp:featuredmedia":[{"embeddable":true,"href":"https:\/\/archive.sana.sy\/es\/index.php?rest_route=\/wp\/v2\/media\/344356"}],"wp:attachment":[{"href":"https:\/\/archive.sana.sy\/es\/index.php?rest_route=%2Fwp%2Fv2%2Fmedia&parent=344352"}],"wp:term":[{"taxonomy":"category","embeddable":true,"href":"https:\/\/archive.sana.sy\/es\/index.php?rest_route=%2Fwp%2Fv2%2Fcategories&post=344352"},{"taxonomy":"post_tag","embeddable":true,"href":"https:\/\/archive.sana.sy\/es\/index.php?rest_route=%2Fwp%2Fv2%2Ftags&post=344352"}],"curies":[{"name":"wp","href":"https:\/\/api.w.org\/{rel}","templated":true}]}}