{"id":344363,"date":"2024-12-04T14:48:43","date_gmt":"2024-12-04T11:48:43","guid":{"rendered":"https:\/\/sana.sy\/es\/?p=344363"},"modified":"2024-12-04T14:53:14","modified_gmt":"2024-12-04T11:53:14","slug":"20-muertos-por-ataques-israelies-en-gaza","status":"publish","type":"post","link":"https:\/\/archive.sana.sy\/es\/?p=344363","title":{"rendered":"20 muertos por ataques israel\u00edes en Gaza"},"content":{"rendered":"<p style=\"text-align: justify;\"><span style=\"color: #800000;\"><strong>Jerusal\u00e9n ocupada, 4 dic (SANA)<\/strong><\/span>\u00a0 Al menos 20 personas perdieron la vida esta ma\u00f1ana y otros resultaron heridos tras bombardeos israel\u00edes en la Franja de Gaza.<\/p>\n<p style=\"text-align: justify;\">De acuerdo con reportes de la agencia palestina Wafa, aviones del ocupante bombardearon el este de la ciudad de Rafa al sur del enclave costero, y una concentraci\u00f3n de palestinos en el barrio Al Zahur, al norte de la Franja.<\/p>\n<p style=\"text-align: justify;\">Los bombardeos afectaron tambi\u00e9n el campamento de Al-Nuseirat y las zonas de Deir Al-Balah y Al-Bureij, que provoc\u00f3 la muerte de 20 palestinos, incluidos ni\u00f1os, mientras otras personas fueron lesionadas.<\/p>\n<p style=\"text-align: justify;\">La v\u00edspera, el Ministerio de Salud palestino anunci\u00f3 que el total de v\u00edctimas desde el 7 de octubre de 2023, aument\u00f3 a 44.502 muertos y 105.454 heridos.<\/p>\n<p style=\"text-align: justify;\">ma\/fm<\/p>\n","protected":false},"excerpt":{"rendered":"<p>Jerusal\u00e9n ocupada, 4 dic (SANA)\u00a0 Al menos 20 personas perdieron la vida esta ma\u00f1ana y otros resultaron heridos tras bombardeos israel\u00edes en la Franja de Gaza. De acuerdo con reportes de la agencia palestina Wafa, aviones del ocupante bombardearon el este de la ciudad de Rafa al sur del enclave costero, y una concentraci\u00f3n de &hellip;<\/p>\n","protected":false},"author":34,"featured_media":344364,"comment_status":"closed","ping_status":"closed","sticky":false,"template":"","format":"standard","meta":{"footnotes":""},"categories":[597,456,20724],"tags":[],"class_list":["post-344363","post","type-post","status-publish","format-standard","has-post-thumbnail","","category-cinta-de-noticias","category-arabe-internacional-politica","category-minuto-a-minuto"],"_links":{"self":[{"href":"https:\/\/archive.sana.sy\/es\/index.php?rest_route=\/wp\/v2\/posts\/344363"}],"collection":[{"href":"https:\/\/archive.sana.sy\/es\/index.php?rest_route=\/wp\/v2\/posts"}],"about":[{"href":"https:\/\/archive.sana.sy\/es\/index.php?rest_route=\/wp\/v2\/types\/post"}],"author":[{"embeddable":true,"href":"https:\/\/archive.sana.sy\/es\/index.php?rest_route=\/wp\/v2\/users\/34"}],"replies":[{"embeddable":true,"href":"https:\/\/archive.sana.sy\/es\/index.php?rest_route=%2Fwp%2Fv2%2Fcomments&post=344363"}],"version-history":[{"count":2,"href":"https:\/\/archive.sana.sy\/es\/index.php?rest_route=\/wp\/v2\/posts\/344363\/revisions"}],"predecessor-version":[{"id":344367,"href":"https:\/\/archive.sana.sy\/es\/index.php?rest_route=\/wp\/v2\/posts\/344363\/revisions\/344367"}],"wp:featuredmedia":[{"embeddable":true,"href":"https:\/\/archive.sana.sy\/es\/index.php?rest_route=\/wp\/v2\/media\/344364"}],"wp:attachment":[{"href":"https:\/\/archive.sana.sy\/es\/index.php?rest_route=%2Fwp%2Fv2%2Fmedia&parent=344363"}],"wp:term":[{"taxonomy":"category","embeddable":true,"href":"https:\/\/archive.sana.sy\/es\/index.php?rest_route=%2Fwp%2Fv2%2Fcategories&post=344363"},{"taxonomy":"post_tag","embeddable":true,"href":"https:\/\/archive.sana.sy\/es\/index.php?rest_route=%2Fwp%2Fv2%2Ftags&post=344363"}],"curies":[{"name":"wp","href":"https:\/\/api.w.org\/{rel}","templated":true}]}}