{"id":344389,"date":"2024-12-04T19:20:23","date_gmt":"2024-12-04T16:20:23","guid":{"rendered":"https:\/\/sana.sy\/es\/?p=344389"},"modified":"2024-12-04T19:20:23","modified_gmt":"2024-12-04T16:20:23","slug":"canciller-sirio-denuncia-ante-jefe-de-la-undof-violaciones-israelies-del-acuerdo-de-separacion-de-1974","status":"publish","type":"post","link":"https:\/\/archive.sana.sy\/es\/?p=344389","title":{"rendered":"Canciller sirio denuncia ante jefe de la UNDOF violaciones israel\u00edes del Acuerdo de Separaci\u00f3n de 1974"},"content":{"rendered":"<p style=\"text-align: justify\"><strong><span style=\"color: #800000\">Damasco, 4 dic (SANA)<\/span><\/strong> El ministro de Asuntos Exteriores y Expatriados, Bassam Sabbagh, recibi\u00f3 hoy al general de divisi\u00f3n Nirmal Kumar Thapa, comandante de la Fuerza de las Naciones Unidas de Observaci\u00f3n de la Separaci\u00f3n que opera en el Gol\u00e1n sirio ocupado (UNDOF por sus siglas en ingl\u00e9s).<\/p>\n<p style=\"text-align: justify\">El encuentro tuvo lugar con motivo del t\u00e9rmino de las funciones del general Thapa en Siria.<\/p>\n<p style=\"text-align: justify\">El jefe de la diplomacia siria agradeci\u00f3 al general Thapa por sus esfuerzos, y destac\u00f3 la importancia de que la UNDOF siga cumpliendo con su papel de seguimiento de las violaciones israel\u00edes a lo largo de la l\u00ednea de separaci\u00f3n de fuerzas en el Gol\u00e1n sirio ocupado.<\/p>\n<p style=\"text-align: justify\">El canciller Sabbagh reiter\u00f3 la condena y el rechazo de Siria a las medidas ilegales adoptadas recientemente por la entidad ocupante a lo largo de la l\u00ednea, que constituyen una violaci\u00f3n flagrante del Acuerdo de Separaci\u00f3n de 1974. En este contexto, enfatiz\u00f3 la necesidad de que el Consejo de Seguridad ponga fin a estas violaciones.<\/p>\n<p style=\"text-align: justify\">Por su parte, el alto militar de la UNDOF reiter\u00f3 el compromiso de la Fuerza con su misi\u00f3n principal, as\u00ed como agradeci\u00f3 a Siria por su constante apoyo.<\/p>\n<p style=\"text-align: justify\">la<\/p>\n","protected":false},"excerpt":{"rendered":"<p>Damasco, 4 dic (SANA) El ministro de Asuntos Exteriores y Expatriados, Bassam Sabbagh, recibi\u00f3 hoy al general de divisi\u00f3n Nirmal Kumar Thapa, comandante de la Fuerza de las Naciones Unidas de Observaci\u00f3n de la Separaci\u00f3n que opera en el Gol\u00e1n sirio ocupado (UNDOF por sus siglas en ingl\u00e9s). El encuentro tuvo lugar con motivo del &hellip;<\/p>\n","protected":false},"author":24,"featured_media":344390,"comment_status":"closed","ping_status":"closed","sticky":false,"template":"","format":"standard","meta":{"footnotes":""},"categories":[447,597,20724,476,448,7541],"tags":[],"class_list":["post-344389","post","type-post","status-publish","format-standard","has-post-thumbnail","","category-local-politica","category-cinta-de-noticias","category-minuto-a-minuto","category-locales","category-noticias","category-ultimas-noticias"],"_links":{"self":[{"href":"https:\/\/archive.sana.sy\/es\/index.php?rest_route=\/wp\/v2\/posts\/344389"}],"collection":[{"href":"https:\/\/archive.sana.sy\/es\/index.php?rest_route=\/wp\/v2\/posts"}],"about":[{"href":"https:\/\/archive.sana.sy\/es\/index.php?rest_route=\/wp\/v2\/types\/post"}],"author":[{"embeddable":true,"href":"https:\/\/archive.sana.sy\/es\/index.php?rest_route=\/wp\/v2\/users\/24"}],"replies":[{"embeddable":true,"href":"https:\/\/archive.sana.sy\/es\/index.php?rest_route=%2Fwp%2Fv2%2Fcomments&post=344389"}],"version-history":[{"count":1,"href":"https:\/\/archive.sana.sy\/es\/index.php?rest_route=\/wp\/v2\/posts\/344389\/revisions"}],"predecessor-version":[{"id":344391,"href":"https:\/\/archive.sana.sy\/es\/index.php?rest_route=\/wp\/v2\/posts\/344389\/revisions\/344391"}],"wp:featuredmedia":[{"embeddable":true,"href":"https:\/\/archive.sana.sy\/es\/index.php?rest_route=\/wp\/v2\/media\/344390"}],"wp:attachment":[{"href":"https:\/\/archive.sana.sy\/es\/index.php?rest_route=%2Fwp%2Fv2%2Fmedia&parent=344389"}],"wp:term":[{"taxonomy":"category","embeddable":true,"href":"https:\/\/archive.sana.sy\/es\/index.php?rest_route=%2Fwp%2Fv2%2Fcategories&post=344389"},{"taxonomy":"post_tag","embeddable":true,"href":"https:\/\/archive.sana.sy\/es\/index.php?rest_route=%2Fwp%2Fv2%2Ftags&post=344389"}],"curies":[{"name":"wp","href":"https:\/\/api.w.org\/{rel}","templated":true}]}}