{"id":344396,"date":"2024-12-05T05:39:27","date_gmt":"2024-12-05T02:39:27","guid":{"rendered":"https:\/\/sana.sy\/es\/?p=344396"},"modified":"2024-12-05T05:39:27","modified_gmt":"2024-12-05T02:39:27","slug":"cancilleres-de-siria-y-cuba-sostienen-conversacion-telefonica-sobre-escalada-terrorista-en-el-norte-de-siria","status":"publish","type":"post","link":"https:\/\/archive.sana.sy\/es\/?p=344396","title":{"rendered":"Cancilleres de Siria y Cuba sostienen conversaci\u00f3n telef\u00f3nica sobre escalada terrorista en el norte de Siria"},"content":{"rendered":"<p style=\"text-align: justify;\"><span style=\"color: #800000;\"><strong>Damasco, 5 dic (SANA)\u00a0<\/strong> <\/span>El ministro sirio de Asuntos Exteriores y Expatriados, Bassam Sabbagh, recibi\u00f3 hoy una llamada telef\u00f3nica del ministro de Relaciones Exteriores cubano, Bruno Rodr\u00edguez Parrilla, en la que ambos conversaron sobre los acontecimientos en el norte de Siria tras la ofensiva terrorista lanzado por el grupo terrorista Hayet Tahrir Al-Cham, otrora Frente Al-Nousra, y las repercusiones de este terrorismo en la seguridad y estabilidad de Siria y su pueblo.<\/p>\n<p style=\"text-align: justify;\">Sabbagh ofreci\u00f3 al jefe de la diplomacia cubana, una detallada explicaci\u00f3n sobre la magnitud de este ataque que fue previamente planeado y preparado, y en el que particip\u00f3 un gran n\u00famero de terroristas extranjeros que reciben apoyo externo de partes regionales e internacionales que pretenden socavar al Estado y desestabilizar la seguridad y estabilidad de Siria.<\/p>\n<p style=\"text-align: justify;\">Esta acci\u00f3n hostil y terrorista ha amenazado la vida de los civiles y agrav\u00f3 a\u00fan m\u00e1s sus dif\u00edciles condiciones humanitarias, afirm\u00f3 el Canciller.<\/p>\n<p style=\"text-align: justify;\">Destac\u00f3 la importancia de apoyar los esfuerzos del Estado sirio en el enfrentamiento al terrorismo y combatir todas sus formas, e intensificar los esfuerzos para desvelar todas las formas de apoyo externo que reciben las organizaciones terroristas en Siria en t\u00e9rminos de suministro militar y log\u00edstico.<\/p>\n<p style=\"text-align: justify;\">\u00a0Pidi\u00f3 al Consejo de Seguridad que cumpla con sus responsabilidades en la implementaci\u00f3n de sus resoluciones relacionadas con la lucha contra el terrorismo.<\/p>\n<p style=\"text-align: justify;\">Por su parte, el ministro cubano expres\u00f3 la condena de su pa\u00eds al ataque terrorista contra algunas ciudades sirias, y el apoyo y la solidaridad absoluta de la mayor de las Antillas con el gobierno y pueblo sirios en el enfrentamiento a este terrorismo.<\/p>\n<p style=\"text-align: justify;\">Esta ofensiva de los radicales sirve a agendas pol\u00edticas de pa\u00edses conocidos, y ellos asumen toda la responsabilidad de sus peligrosas repercusiones, indic\u00f3.<\/p>\n<p style=\"text-align: justify;\">fm<\/p>\n","protected":false},"excerpt":{"rendered":"<p>Damasco, 5 dic (SANA)\u00a0 El ministro sirio de Asuntos Exteriores y Expatriados, Bassam Sabbagh, recibi\u00f3 hoy una llamada telef\u00f3nica del ministro de Relaciones Exteriores cubano, Bruno Rodr\u00edguez Parrilla, en la que ambos conversaron sobre los acontecimientos en el norte de Siria tras la ofensiva terrorista lanzado por el grupo terrorista Hayet Tahrir Al-Cham, otrora Frente &hellip;<\/p>\n","protected":false},"author":34,"featured_media":344397,"comment_status":"closed","ping_status":"closed","sticky":false,"template":"","format":"standard","meta":{"footnotes":""},"categories":[477,447,597,20724,476,467,583],"tags":[],"class_list":["post-344396","post","type-post","status-publish","format-standard","has-post-thumbnail","","category-noticias-edulcorantes","category-local-politica","category-cinta-de-noticias","category-minuto-a-minuto","category-locales","category-siria-y-el-mundo","category-slide"],"_links":{"self":[{"href":"https:\/\/archive.sana.sy\/es\/index.php?rest_route=\/wp\/v2\/posts\/344396"}],"collection":[{"href":"https:\/\/archive.sana.sy\/es\/index.php?rest_route=\/wp\/v2\/posts"}],"about":[{"href":"https:\/\/archive.sana.sy\/es\/index.php?rest_route=\/wp\/v2\/types\/post"}],"author":[{"embeddable":true,"href":"https:\/\/archive.sana.sy\/es\/index.php?rest_route=\/wp\/v2\/users\/34"}],"replies":[{"embeddable":true,"href":"https:\/\/archive.sana.sy\/es\/index.php?rest_route=%2Fwp%2Fv2%2Fcomments&post=344396"}],"version-history":[{"count":1,"href":"https:\/\/archive.sana.sy\/es\/index.php?rest_route=\/wp\/v2\/posts\/344396\/revisions"}],"predecessor-version":[{"id":344398,"href":"https:\/\/archive.sana.sy\/es\/index.php?rest_route=\/wp\/v2\/posts\/344396\/revisions\/344398"}],"wp:featuredmedia":[{"embeddable":true,"href":"https:\/\/archive.sana.sy\/es\/index.php?rest_route=\/wp\/v2\/media\/344397"}],"wp:attachment":[{"href":"https:\/\/archive.sana.sy\/es\/index.php?rest_route=%2Fwp%2Fv2%2Fmedia&parent=344396"}],"wp:term":[{"taxonomy":"category","embeddable":true,"href":"https:\/\/archive.sana.sy\/es\/index.php?rest_route=%2Fwp%2Fv2%2Fcategories&post=344396"},{"taxonomy":"post_tag","embeddable":true,"href":"https:\/\/archive.sana.sy\/es\/index.php?rest_route=%2Fwp%2Fv2%2Ftags&post=344396"}],"curies":[{"name":"wp","href":"https:\/\/api.w.org\/{rel}","templated":true}]}}