{"id":34447,"date":"2015-11-30T14:37:03","date_gmt":"2015-11-30T12:37:03","guid":{"rendered":"http:\/\/sana.sy\/es\/?p=34447"},"modified":"2015-11-30T14:37:03","modified_gmt":"2015-11-30T12:37:03","slug":"ministro-del-interior-irani-afirma-la-importancia-de-la-coordinacion-estrategica-entre-siria-iran-rusia-e-iraq-en-combatir-el-terrorismo","status":"publish","type":"post","link":"https:\/\/archive.sana.sy\/es\/?p=34447","title":{"rendered":"Ministro del Interior iran\u00ed afirma la importancia de la coordinaci\u00f3n estrat\u00e9gica entre Siria, Ir\u00e1n, Rusia e Iraq en combatir el terrorismo"},"content":{"rendered":"<p><span style=\"color: #800000\"><strong>Teher\u00e1n, SANA<\/strong><\/span><\/p>\n<p><strong>El Ministro del Interior iran\u00ed Abdulrida Rahmani Fadli afirm\u00f3 que la lucha contra el terrorismo requiere tomar reales pasos en cortar del apoyo de las organizaciones terroristas por parte de pa\u00edses conocidos y detener su rearme y\u00a0 financiaci\u00f3n.<\/strong><\/p>\n<p><strong>Rahamani declar\u00f3 durante una reuni\u00f3n con el embajador ruso en Teher\u00e1n el Dr. Adnan Mahmoud que el expediente del terrorismo en la regi\u00f3n y el mundo obliga a los pa\u00edses occidentales a corregir sus falsedades en la cubertura del terrorismo de sus aliados en Siria, y tambi\u00e9n exige la coordinaci\u00f3n con Siria y el ej\u00e9rcito sirio quien logra victorias frente\u00a0 al terrorismo en las diversas regiones de Siria con la cooperaci\u00f3n del ej\u00e9rcito ruso y la ayuda de la Rep\u00fablica Isl\u00e1mica de Ir\u00e1n y el eje de Resistencia.<\/strong><\/p>\n<p><strong>El mismo hizo hincapi\u00e9 en la importancia de fortalecer la coordinaci\u00f3n estrat\u00e9gica entre Ir\u00e1n, Rusia, Siria e Iraq en la lucha contra el terrorismo y satisfacer la necesidad de seguridad y estabilidad en la regi\u00f3n.<\/strong><\/p>\n<p><strong>Por su parte el embajador sirio se\u00f1al\u00f3 que el peligro b\u00e1sico que enfrenta la regi\u00f3n consiste en la conexi\u00f3n directa entre los terroristas y varios pa\u00edses como Turqu\u00eda, Arabia Saudita y Qatar.<\/strong><\/p>\n<p><span style=\"color: #00ccff\">Hala B., Riad Sh.<\/span><\/p>\n","protected":false},"excerpt":{"rendered":"<p>Teher\u00e1n, SANA El Ministro del Interior iran\u00ed Abdulrida Rahmani Fadli afirm\u00f3 que la lucha contra el terrorismo requiere tomar reales pasos en cortar del apoyo de las organizaciones terroristas por parte de pa\u00edses conocidos y detener su rearme y\u00a0 financiaci\u00f3n. Rahamani declar\u00f3 durante una reuni\u00f3n con el embajador ruso en Teher\u00e1n el Dr. Adnan Mahmoud &hellip;<\/p>\n","protected":false},"author":1,"featured_media":34448,"comment_status":"closed","ping_status":"closed","sticky":false,"template":"","format":"standard","meta":{"footnotes":""},"categories":[456,457,576],"tags":[2866,7498,7499],"class_list":["post-34447","post","type-post","status-publish","format-standard","has-post-thumbnail","","category-arabe-internacional-politica","category-noticias-arabe-internacional-politica","category-noticias-politicas","tag-iran","tag-ministro-del-interior-irani-afirma-la-importancia-de-la-coordinacion-estrategica-entre-siria","tag-rusia-e-iraq-en-combatir-el-terrorismo"],"_links":{"self":[{"href":"https:\/\/archive.sana.sy\/es\/index.php?rest_route=\/wp\/v2\/posts\/34447"}],"collection":[{"href":"https:\/\/archive.sana.sy\/es\/index.php?rest_route=\/wp\/v2\/posts"}],"about":[{"href":"https:\/\/archive.sana.sy\/es\/index.php?rest_route=\/wp\/v2\/types\/post"}],"author":[{"embeddable":true,"href":"https:\/\/archive.sana.sy\/es\/index.php?rest_route=\/wp\/v2\/users\/1"}],"replies":[{"embeddable":true,"href":"https:\/\/archive.sana.sy\/es\/index.php?rest_route=%2Fwp%2Fv2%2Fcomments&post=34447"}],"version-history":[{"count":0,"href":"https:\/\/archive.sana.sy\/es\/index.php?rest_route=\/wp\/v2\/posts\/34447\/revisions"}],"wp:featuredmedia":[{"embeddable":true,"href":"https:\/\/archive.sana.sy\/es\/index.php?rest_route=\/wp\/v2\/media\/34448"}],"wp:attachment":[{"href":"https:\/\/archive.sana.sy\/es\/index.php?rest_route=%2Fwp%2Fv2%2Fmedia&parent=34447"}],"wp:term":[{"taxonomy":"category","embeddable":true,"href":"https:\/\/archive.sana.sy\/es\/index.php?rest_route=%2Fwp%2Fv2%2Fcategories&post=34447"},{"taxonomy":"post_tag","embeddable":true,"href":"https:\/\/archive.sana.sy\/es\/index.php?rest_route=%2Fwp%2Fv2%2Ftags&post=34447"}],"curies":[{"name":"wp","href":"https:\/\/api.w.org\/{rel}","templated":true}]}}