{"id":344481,"date":"2024-12-07T09:58:10","date_gmt":"2024-12-07T06:58:10","guid":{"rendered":"https:\/\/sana.sy\/es\/?p=344481"},"modified":"2024-12-07T17:50:22","modified_gmt":"2024-12-07T14:50:22","slug":"ejercito-sirio-fortalece-sus-posiciones-en-deraa-y-sweida-para-contrarrestar-ataques-terroristas","status":"publish","type":"post","link":"https:\/\/archive.sana.sy\/es\/?p=344481","title":{"rendered":"Ej\u00e9rcito sirio fortalece sus posiciones en Deraa y Sweida para contrarrestar ataques terroristas"},"content":{"rendered":"<p style=\"text-align: justify;\"><span style=\"color: #800000;\"><strong>Damasco, 7 dic (SANA) <\/strong><\/span>El Comando General del Ej\u00e9rcito y las Fuerzas Armadas de Siria inform\u00f3 que las unidades desplegadas en las provincias de Deraa y Sweida llevaron a cabo un repliegue estrat\u00e9gico, y establecieron un cerco defensivo y de seguridad s\u00f3lido para enfrentar recientes ataques perpetrados por grupos terroristas contra puntos dispersos del ej\u00e9rcito.<\/p>\n<p style=\"text-align: justify;\">Seg\u00fan el comunicado oficial, estas acciones forman parte de un esfuerzo por mantener la estabilidad en la regi\u00f3n mientras las fuerzas armadas concentran operaciones para recuperar el control en Homs y Hama frente a las organizaciones terroristas.<\/p>\n<p style=\"text-align: justify;\">El Comando militar reiter\u00f3 su compromiso de proteger la seguridad de la patria y de los ciudadanos, y asegur\u00f3 que se enfrentar\u00e1 al terrorismo con firmeza y determinaci\u00f3n.<\/p>\n<p style=\"text-align: justify;\"><em><strong>ah<\/strong><\/em><\/p>\n","protected":false},"excerpt":{"rendered":"<p>Damasco, 7 dic (SANA) El Comando General del Ej\u00e9rcito y las Fuerzas Armadas de Siria inform\u00f3 que las unidades desplegadas en las provincias de Deraa y Sweida llevaron a cabo un repliegue estrat\u00e9gico, y establecieron un cerco defensivo y de seguridad s\u00f3lido para enfrentar recientes ataques perpetrados por grupos terroristas contra puntos dispersos del ej\u00e9rcito. &hellip;<\/p>\n","protected":false},"author":30,"featured_media":344507,"comment_status":"closed","ping_status":"closed","sticky":false,"template":"","format":"standard","meta":{"footnotes":""},"categories":[477,597,573,20724,476,583],"tags":[],"class_list":["post-344481","post","type-post","status-publish","format-standard","has-post-thumbnail","","category-noticias-edulcorantes","category-cinta-de-noticias","category-la-realidad-de-los-acontecimientos-en-siria","category-minuto-a-minuto","category-locales","category-slide"],"_links":{"self":[{"href":"https:\/\/archive.sana.sy\/es\/index.php?rest_route=\/wp\/v2\/posts\/344481"}],"collection":[{"href":"https:\/\/archive.sana.sy\/es\/index.php?rest_route=\/wp\/v2\/posts"}],"about":[{"href":"https:\/\/archive.sana.sy\/es\/index.php?rest_route=\/wp\/v2\/types\/post"}],"author":[{"embeddable":true,"href":"https:\/\/archive.sana.sy\/es\/index.php?rest_route=\/wp\/v2\/users\/30"}],"replies":[{"embeddable":true,"href":"https:\/\/archive.sana.sy\/es\/index.php?rest_route=%2Fwp%2Fv2%2Fcomments&post=344481"}],"version-history":[{"count":1,"href":"https:\/\/archive.sana.sy\/es\/index.php?rest_route=\/wp\/v2\/posts\/344481\/revisions"}],"predecessor-version":[{"id":344483,"href":"https:\/\/archive.sana.sy\/es\/index.php?rest_route=\/wp\/v2\/posts\/344481\/revisions\/344483"}],"wp:featuredmedia":[{"embeddable":true,"href":"https:\/\/archive.sana.sy\/es\/index.php?rest_route=\/wp\/v2\/media\/344507"}],"wp:attachment":[{"href":"https:\/\/archive.sana.sy\/es\/index.php?rest_route=%2Fwp%2Fv2%2Fmedia&parent=344481"}],"wp:term":[{"taxonomy":"category","embeddable":true,"href":"https:\/\/archive.sana.sy\/es\/index.php?rest_route=%2Fwp%2Fv2%2Fcategories&post=344481"},{"taxonomy":"post_tag","embeddable":true,"href":"https:\/\/archive.sana.sy\/es\/index.php?rest_route=%2Fwp%2Fv2%2Ftags&post=344481"}],"curies":[{"name":"wp","href":"https:\/\/api.w.org\/{rel}","templated":true}]}}